{"id":4715,"date":"2025-10-07T13:51:56","date_gmt":"2025-10-07T13:51:56","guid":{"rendered":"https:\/\/jairolibreros.com\/?p=4715"},"modified":"2025-10-07T13:51:56","modified_gmt":"2025-10-07T13:51:56","slug":"soy-la-voz-de-quienes-reprochamos-la-participacion-directa-en-politica-del-gobierno-del-cambio","status":"publish","type":"post","link":"https:\/\/jairolibreros.com\/?p=4715","title":{"rendered":"Soy la voz de quienes reprochamos la participaci\u00f3n directa en pol\u00edtica del Gobierno del Cambio"},"content":{"rendered":"<p><span style=\"font-family: tahoma, arial, helvetica, sans-serif; font-size: 14pt;\"><b>Soy la voz de quienes reprochamos la participaci\u00f3n directa en pol\u00edtica del Gobierno del Cambio<\/b><\/span><\/p>\n<p><span style=\"font-family: tahoma, arial, helvetica, sans-serif; font-size: 14pt;\"><i><a class=\"css-4rbku5 css-18t94o4 css-901oao css-16my406 r-1cvl2hr r-1loqt21 r-poiln3 r-bcqeeo r-1ny4l3l r-1ddef8g r-tjvw6i r-qvutc0\" dir=\"ltr\" role=\"link\" href=\"https:\/\/twitter.com\/hashtag\/SoyLaVoz?src=hashtag_click\">#SoyLaVoz<\/a> \u00b7 6AM \u00b7 Caracol Radio \u00b7 07.10.2025<\/i><\/span><\/p>\n<!--[if lt IE 9]><script>document.createElement('audio');<\/script><![endif]-->\n<audio class=\"wp-audio-shortcode\" id=\"audio-4715-1\" preload=\"none\" style=\"width: 100%;\" controls=\"controls\"><source type=\"audio\/mpeg\" src=\"https:\/\/jairolibreros.com\/wp-content\/uploads\/2025\/10\/AUDIO-2025-10-06-21-09-21.m4a?_=1\" \/><a href=\"https:\/\/jairolibreros.com\/wp-content\/uploads\/2025\/10\/AUDIO-2025-10-06-21-09-21.m4a\">https:\/\/jairolibreros.com\/wp-content\/uploads\/2025\/10\/AUDIO-2025-10-06-21-09-21.m4a<\/a><\/audio>\n<p>&nbsp;<\/p>\n<p class=\"p1\"><span style=\"font-family: tahoma, arial, helvetica, sans-serif; font-size: 14pt;\"><span class=\"s1\">Hola, les habla <\/span><span class=\"s2\"><b>Jairo Libreros<\/b><\/span><span class=\"s1\"><b>, profesor de la Universidad Externado de Colombia<\/b>, y soy la voz de quienes reprochamos la participaci\u00f3n directa en pol\u00edtica del Gobierno del Cambio.<\/span><\/span><\/p>\n<p class=\"p1\"><span class=\"s1\" style=\"font-family: tahoma, arial, helvetica, sans-serif; font-size: 14pt;\">El ordenamiento jur\u00eddico en Colombia es claro: los servidores p\u00fablicos -sean estos altos dignatarios o humildes funcionarios- no pueden participar de manera indebida en pol\u00edtica. El respeto de las reglas de juego en los procesos electorales garantizan la legitimidad de nuestra democracia constitucional.<\/span><\/p>\n<p class=\"p1\"><span class=\"s1\" style=\"font-family: tahoma, arial, helvetica, sans-serif; font-size: 14pt;\">Cuando los tomadores de decisiones p\u00fablicas intervienen para favorecer sus intereses ideol\u00f3gicos, econ\u00f3micos y oportunistas vulneran de manera abusiva el principio de la alternancia en el poder restringiendo el pluralismo pol\u00edtico, que garantiza el cumplimiento de la voluntad soberana expresada por los ciudadanos y la trasferencia pac\u00edfica del poder pol\u00edtico.<\/span><\/p>\n<p class=\"p1\"><span class=\"s1\" style=\"font-family: tahoma, arial, helvetica, sans-serif; font-size: 14pt;\">El inquilino de la Casa de Nari\u00f1o intervienen en pol\u00edtica cuando impone sus intereses en contra v\u00eda de los acuerdos alcanzados por el Pacto Hist\u00f3rico para la selecci\u00f3n del candidato presidencial, o cuando amenaza con una consulta popular o una constituyente en pleno ciclo electoral, al mejor estilo de Carlos Menen en Argentina, Alberto Fujimori en Per\u00fa, Hugo Ch\u00e1vez en Venezuela o Rafael Correa en Ecuador.<\/span><\/p>\n<p class=\"p1\"><span class=\"s1\" style=\"font-family: tahoma, arial, helvetica, sans-serif; font-size: 14pt;\">En conclusi\u00f3n, el Gobierno del Cambio participa directamente en pol\u00edtica para imponerle a los colombianos un sucesor, designado a la vieja usanza del PRI mexicano, es decir, mediante el dedazo.<\/span><\/p>\n<p style=\"text-align: right;\"><span style=\"font-family: tahoma, arial, helvetica, sans-serif; font-size: 14pt;\"><strong><a href=\"https:\/\/jairolibreros.com\/\"><u>Blog de Jairo Libreros<\/u><\/a><\/strong><\/span><\/p>\n","protected":false},"excerpt":{"rendered":"<p>Soy la voz de quienes reprochamos la participaci\u00f3n directa en pol\u00edtica del Gobierno del Cambio #SoyLaVoz \u00b7 6AM \u00b7 Caracol Radio \u00b7 07.10.2025 <\/p>\n","protected":false},"author":1,"featured_media":428,"comment_status":"open","ping_status":"open","sticky":false,"template":"","format":"standard","meta":{"om_disable_all_campaigns":false,"_monsterinsights_skip_tracking":false,"_monsterinsights_sitenote_active":false,"_monsterinsights_sitenote_note":"","_monsterinsights_sitenote_category":0,"footnotes":""},"categories":[94,1],"tags":[44],"aioseo_notices":[],"class_list":["post-4715","post","type-post","status-publish","format-standard","has-post-thumbnail","hentry","category-caracol-radio","category-jairo-libreros","tag-elecciones"],"_links":{"self":[{"href":"https:\/\/jairolibreros.com\/index.php?rest_route=\/wp\/v2\/posts\/4715"}],"collection":[{"href":"https:\/\/jairolibreros.com\/index.php?rest_route=\/wp\/v2\/posts"}],"about":[{"href":"https:\/\/jairolibreros.com\/index.php?rest_route=\/wp\/v2\/types\/post"}],"author":[{"embeddable":true,"href":"https:\/\/jairolibreros.com\/index.php?rest_route=\/wp\/v2\/users\/1"}],"replies":[{"embeddable":true,"href":"https:\/\/jairolibreros.com\/index.php?rest_route=%2Fwp%2Fv2%2Fcomments&post=4715"}],"version-history":[{"count":2,"href":"https:\/\/jairolibreros.com\/index.php?rest_route=\/wp\/v2\/posts\/4715\/revisions"}],"predecessor-version":[{"id":4719,"href":"https:\/\/jairolibreros.com\/index.php?rest_route=\/wp\/v2\/posts\/4715\/revisions\/4719"}],"wp:featuredmedia":[{"embeddable":true,"href":"https:\/\/jairolibreros.com\/index.php?rest_route=\/wp\/v2\/media\/428"}],"wp:attachment":[{"href":"https:\/\/jairolibreros.com\/index.php?rest_route=%2Fwp%2Fv2%2Fmedia&parent=4715"}],"wp:term":[{"taxonomy":"category","embeddable":true,"href":"https:\/\/jairolibreros.com\/index.php?rest_route=%2Fwp%2Fv2%2Fcategories&post=4715"},{"taxonomy":"post_tag","embeddable":true,"href":"https:\/\/jairolibreros.com\/index.php?rest_route=%2Fwp%2Fv2%2Ftags&post=4715"}],"curies":[{"name":"wp","href":"https:\/\/api.w.org\/{rel}","templated":true}]}}