{"id":4724,"date":"2025-10-09T21:32:51","date_gmt":"2025-10-09T21:32:51","guid":{"rendered":"https:\/\/jairolibreros.com\/?p=4724"},"modified":"2025-10-09T21:32:51","modified_gmt":"2025-10-09T21:32:51","slug":"las-implicaciones-politicas-de-la-compulsa-de-copias-de-la-corte-suprema-a-la-comision-de-acusaciones-sobre-la-investigacion-de-la-campana-petro","status":"publish","type":"post","link":"https:\/\/jairolibreros.com\/?p=4724","title":{"rendered":"Las implicaciones pol\u00edticas de la compulsa de copias de la Corte Suprema a la Comisi\u00f3n de Acusaciones sobre la investigaci\u00f3n de la campa\u00f1a Petro"},"content":{"rendered":"<p><span style=\"font-family: tahoma, arial, helvetica, sans-serif; font-size: 14pt;\"><strong>Las implicaciones pol\u00edticas de la compulsa de copias de la Corte Suprema a la Comisi\u00f3n de Acusaciones sobre la investigaci\u00f3n de la campa\u00f1a Petro<\/strong><\/span><\/p>\n<p><span style=\"font-family: tahoma, arial, helvetica, sans-serif; font-size: 14pt;\"><em>El Tiempo \u00b7 Mar\u00eda Alejandra Gonz\u00e1lez \u00b7 09.10.2025<\/em><\/span><\/p>\n<p style=\"text-align: center;\"><span style=\"font-family: tahoma, arial, helvetica, sans-serif; font-size: 14pt;\"><strong>As\u00ed van los principales casos contra el mandatario en la c\u00e9lula investigativa del Congreso<\/strong><\/span><\/p>\n<p><span style=\"font-family: tahoma, arial, helvetica, sans-serif; font-size: 14pt;\"><strong>\u00bfQu\u00e9 implicaciones pol\u00edticas tiene la compulsa de copias de la Corte Suprema de Justicia a la Comisi\u00f3n de Acusaciones de la investigaci\u00f3n de la campa\u00f1a Petro presidente? y \u00bfQu\u00e9 puede significar para el presidente esta decisi\u00f3n del Alto Tribunal?<\/strong><\/span><\/p>\n<p><span style=\"font-family: tahoma, arial, helvetica, sans-serif; font-size: 14pt;\">&#8220;<em>Pol\u00edticamente, es artiller\u00eda medi\u00e1tica para los sectores de la oposici\u00f3n pol\u00edtica al presidente Petro. Y pare de contar, porque no pasar\u00e1 nada m\u00e1s. La Comisi\u00f3n de Acusaciones de la C\u00e1mara de Representantes es el triangulo de la Bermudas de justicia. <\/em><em>Todas las denuncias, compulsas o actuaciones procesales desaparecen, se minimizan o concluyen misteriosamente, y sin mayores explicaciones en esa Comisi\u00f3n de la impunidad. Solo el eco del debate pol\u00edtico mantendr\u00e1 vigente esa decisi\u00f3n de la Corte, la cual terminar\u00e1 su periplo cuando surja un nuevo esc\u00e1ndalo<\/em>&#8220;: <strong>Jairo Libreros<\/strong>.<\/span><\/p>\n<p><span style=\"font-family: tahoma, arial, helvetica, sans-serif; font-size: 14pt;\">El link de El Tiempo:<\/span><\/p>\n<p><span style=\"font-family: tahoma, arial, helvetica, sans-serif; font-size: 14pt;\"><span style=\"text-decoration: underline;\"><a href=\"https:\/\/www.eltiempo.com\/politica\/gobierno\/las-implicaciones-politicas-de-la-compulsa-de-copias-de-la-corte-suprema-a-la-comision-de-acusaciones-sobre-la-investigacion-de-la-campana-petro-3498429\">https:\/\/www.eltiempo.com\/politica\/gobierno\/las-implicaciones-politicas-de-la-compulsa-de-copias-de-la-corte-suprema-a-la-comision-de-acusaciones-sobre-la-investigacion-de-la-campana-petro-3498429<\/a><\/span>\u00a0<\/span><\/p>\n<p style=\"text-align: right;\"><span style=\"font-family: tahoma, arial, helvetica, sans-serif; font-size: 14pt;\"><strong><a href=\"https:\/\/jairolibreros.com\/\"><span style=\"text-decoration: underline;\">Blog de Jairo Libreros<\/span><\/a><\/strong><\/span><\/p>\n","protected":false},"excerpt":{"rendered":"<p>Las implicaciones pol\u00edticas de la compulsa de copias de la Corte Suprema a la Comisi\u00f3n de Acusaciones sobre la investigaci\u00f3n de la campa\u00f1a <\/p>\n","protected":false},"author":1,"featured_media":4530,"comment_status":"open","ping_status":"open","sticky":false,"template":"","format":"standard","meta":{"om_disable_all_campaigns":false,"_monsterinsights_skip_tracking":false,"_monsterinsights_sitenote_active":false,"_monsterinsights_sitenote_note":"","_monsterinsights_sitenote_category":0,"footnotes":""},"categories":[95,1],"tags":[44,54],"aioseo_notices":[],"class_list":["post-4724","post","type-post","status-publish","format-standard","has-post-thumbnail","hentry","category-el-tiempo","category-jairo-libreros","tag-elecciones","tag-comunicacion-politica"],"_links":{"self":[{"href":"https:\/\/jairolibreros.com\/index.php?rest_route=\/wp\/v2\/posts\/4724"}],"collection":[{"href":"https:\/\/jairolibreros.com\/index.php?rest_route=\/wp\/v2\/posts"}],"about":[{"href":"https:\/\/jairolibreros.com\/index.php?rest_route=\/wp\/v2\/types\/post"}],"author":[{"embeddable":true,"href":"https:\/\/jairolibreros.com\/index.php?rest_route=\/wp\/v2\/users\/1"}],"replies":[{"embeddable":true,"href":"https:\/\/jairolibreros.com\/index.php?rest_route=%2Fwp%2Fv2%2Fcomments&post=4724"}],"version-history":[{"count":1,"href":"https:\/\/jairolibreros.com\/index.php?rest_route=\/wp\/v2\/posts\/4724\/revisions"}],"predecessor-version":[{"id":4725,"href":"https:\/\/jairolibreros.com\/index.php?rest_route=\/wp\/v2\/posts\/4724\/revisions\/4725"}],"wp:featuredmedia":[{"embeddable":true,"href":"https:\/\/jairolibreros.com\/index.php?rest_route=\/wp\/v2\/media\/4530"}],"wp:attachment":[{"href":"https:\/\/jairolibreros.com\/index.php?rest_route=%2Fwp%2Fv2%2Fmedia&parent=4724"}],"wp:term":[{"taxonomy":"category","embeddable":true,"href":"https:\/\/jairolibreros.com\/index.php?rest_route=%2Fwp%2Fv2%2Fcategories&post=4724"},{"taxonomy":"post_tag","embeddable":true,"href":"https:\/\/jairolibreros.com\/index.php?rest_route=%2Fwp%2Fv2%2Ftags&post=4724"}],"curies":[{"name":"wp","href":"https:\/\/api.w.org\/{rel}","templated":true}]}}