{"id":4726,"date":"2025-10-10T11:43:49","date_gmt":"2025-10-10T11:43:49","guid":{"rendered":"https:\/\/jairolibreros.com\/?p=4726"},"modified":"2025-10-22T14:18:13","modified_gmt":"2025-10-22T14:18:13","slug":"comision-de-regulacion-de-comunicaciones-y-censuras","status":"publish","type":"post","link":"https:\/\/jairolibreros.com\/?p=4726","title":{"rendered":"Comisi\u00f3n de regulaci\u00f3n de comunicaciones y \u00bfcensuras?"},"content":{"rendered":"<p><span style=\"font-family: tahoma, arial, helvetica, sans-serif; font-size: 14pt;\"><b>Comisi\u00f3n de regulaci\u00f3n de comunicaciones y \u00bfcensuras?<\/b><\/span><\/p>\n<figure id=\"attachment_4729\" aria-describedby=\"caption-attachment-4729\" style=\"width: 232px\" class=\"wp-caption alignright\"><img fetchpriority=\"high\" decoding=\"async\" class=\"size-medium wp-image-4729\" src=\"https:\/\/jairolibreros.com\/wp-content\/uploads\/2025\/10\/IMG_2690-232x300.jpeg\" alt=\"\" width=\"232\" height=\"300\" srcset=\"https:\/\/jairolibreros.com\/wp-content\/uploads\/2025\/10\/IMG_2690-232x300.jpeg 232w, https:\/\/jairolibreros.com\/wp-content\/uploads\/2025\/10\/IMG_2690-792x1024.jpeg 792w, https:\/\/jairolibreros.com\/wp-content\/uploads\/2025\/10\/IMG_2690-768x993.jpeg 768w, https:\/\/jairolibreros.com\/wp-content\/uploads\/2025\/10\/IMG_2690-1188x1536.jpeg 1188w, https:\/\/jairolibreros.com\/wp-content\/uploads\/2025\/10\/IMG_2690.jpeg 1584w\" sizes=\"(max-width: 232px) 100vw, 232px\" \/><figcaption id=\"caption-attachment-4729\" class=\"wp-caption-text\">Directriz de la CRC. 10.10.2025<\/figcaption><\/figure>\n<p class=\"p1\"><span style=\"font-family: tahoma, arial, helvetica, sans-serif; font-size: 14pt;\">El requerimiento de la CRC es una violaci\u00f3n flagrante al derecho fundamental a la libertad de prensa y de expresi\u00f3n. De un lado, contraviene la Convenci\u00f3n Americana sobre Derecho Humanos, porque consagr\u00f3 que el ejercicio de la libertad de expresi\u00f3n no puede estar sujeto a censura previa ni se puede restringir por abuso de controles oficiales encaminados a impedir la comunicaci\u00f3n de ideas y opiniones.<\/span><\/p>\n<p class=\"p1\"><span style=\"font-family: tahoma, arial, helvetica, sans-serif; font-size: 14pt;\"><span class=\"s1\">De otro lado, la Declaraci\u00f3n de Principios de la Comisi\u00f3n Interamericana de Derecho Humanos, que recoge la jurisprudencia de la Corte de San Jos\u00e9, fija como est\u00e1ndar regional para las Am\u00e9ricas que los condicionamientos previos como <\/span><span class=\"s1\">el de veracidad, oportunidad o imparcialidad por parte de los Estados son incompatibles con el derecho a la libertad de expresi\u00f3n <\/span><\/span><span style=\"font-family: tahoma, arial, helvetica, sans-serif; font-size: 14pt;\"><span class=\"s1\">reconocido en los instrumentos internacionales de Derechos Humanos.<\/span><\/span><\/p>\n<figure id=\"attachment_4730\" aria-describedby=\"caption-attachment-4730\" style=\"width: 238px\" class=\"wp-caption alignright\"><img decoding=\"async\" class=\"size-medium wp-image-4730\" src=\"https:\/\/jairolibreros.com\/wp-content\/uploads\/2025\/10\/IMG_2691-238x300.jpeg\" alt=\"\" width=\"238\" height=\"300\" srcset=\"https:\/\/jairolibreros.com\/wp-content\/uploads\/2025\/10\/IMG_2691-238x300.jpeg 238w, https:\/\/jairolibreros.com\/wp-content\/uploads\/2025\/10\/IMG_2691-812x1024.jpeg 812w, https:\/\/jairolibreros.com\/wp-content\/uploads\/2025\/10\/IMG_2691-768x969.jpeg 768w, https:\/\/jairolibreros.com\/wp-content\/uploads\/2025\/10\/IMG_2691-1217x1536.jpeg 1217w, https:\/\/jairolibreros.com\/wp-content\/uploads\/2025\/10\/IMG_2691.jpeg 1623w\" sizes=\"(max-width: 238px) 100vw, 238px\" \/><figcaption id=\"caption-attachment-4730\" class=\"wp-caption-text\">Directriz de la CRC. 10.10.2025<\/figcaption><\/figure>\n<p><span style=\"font-family: tahoma, arial, helvetica, sans-serif; font-size: 14pt;\">Y por \u00faltimo, ese requerimiento es inconstitucional. La Carta de 1991 no solo proh\u00edbe la censura, de manera especial establece una proteccion especia al ejercicio del periodismo para garantizar su libertad e independencia profesional, as\u00ed como la inviolabilidad del secreto profesional, que cobija a los periodistas y comunicadores sociales, est\u00e9n vinculados o no con medios de comunicaci\u00f3n.<\/span><\/p>\n<p class=\"p1\"><span class=\"s1\" style=\"font-family: tahoma, arial, helvetica, sans-serif; font-size: 14pt;\">En conclusi\u00f3n, la solicitud -que realmente es una exigencia- a los medios de comunicaci\u00f3n de informaci\u00f3n de pol\u00edticas editoriales sobre imparcialidad, objetividad y veracidad; las medidas sobre separaci\u00f3n de informaci\u00f3n, opini\u00f3n y publicidad; o de documentos internos vigentes y procesos de decisi\u00f3n editorial vulneran la libertad de prensa y el secreto profesional de los periodistas, quienes tienen derecho a la reserva de sus fuentes, apuntes y archivos personales y profesionales.<\/span><\/p>\n<p style=\"text-align: right;\"><span style=\"font-family: tahoma, arial, helvetica, sans-serif; font-size: 14pt;\"><strong><a href=\"https:\/\/jairolibreros.com\/\"><u>Blog de Jairo Libreros<\/u><\/a><\/strong><\/span><\/p>\n","protected":false},"excerpt":{"rendered":"<p>Comisi\u00f3n de regulaci\u00f3n de comunicaciones y \u00bfcensuras? El requerimiento de la CRC es una violaci\u00f3n flagrante al derecho fundamental a la libertad de <\/p>\n","protected":false},"author":1,"featured_media":4534,"comment_status":"open","ping_status":"open","sticky":false,"template":"","format":"standard","meta":{"om_disable_all_campaigns":false,"_monsterinsights_skip_tracking":false,"_monsterinsights_sitenote_active":false,"_monsterinsights_sitenote_note":"","_monsterinsights_sitenote_category":0,"footnotes":""},"categories":[95,1],"tags":[54,98],"aioseo_notices":[],"class_list":["post-4726","post","type-post","status-publish","format-standard","has-post-thumbnail","hentry","category-el-tiempo","category-jairo-libreros","tag-comunicacion-politica","tag-derechos-humanos"],"_links":{"self":[{"href":"https:\/\/jairolibreros.com\/index.php?rest_route=\/wp\/v2\/posts\/4726"}],"collection":[{"href":"https:\/\/jairolibreros.com\/index.php?rest_route=\/wp\/v2\/posts"}],"about":[{"href":"https:\/\/jairolibreros.com\/index.php?rest_route=\/wp\/v2\/types\/post"}],"author":[{"embeddable":true,"href":"https:\/\/jairolibreros.com\/index.php?rest_route=\/wp\/v2\/users\/1"}],"replies":[{"embeddable":true,"href":"https:\/\/jairolibreros.com\/index.php?rest_route=%2Fwp%2Fv2%2Fcomments&post=4726"}],"version-history":[{"count":8,"href":"https:\/\/jairolibreros.com\/index.php?rest_route=\/wp\/v2\/posts\/4726\/revisions"}],"predecessor-version":[{"id":4736,"href":"https:\/\/jairolibreros.com\/index.php?rest_route=\/wp\/v2\/posts\/4726\/revisions\/4736"}],"wp:featuredmedia":[{"embeddable":true,"href":"https:\/\/jairolibreros.com\/index.php?rest_route=\/wp\/v2\/media\/4534"}],"wp:attachment":[{"href":"https:\/\/jairolibreros.com\/index.php?rest_route=%2Fwp%2Fv2%2Fmedia&parent=4726"}],"wp:term":[{"taxonomy":"category","embeddable":true,"href":"https:\/\/jairolibreros.com\/index.php?rest_route=%2Fwp%2Fv2%2Fcategories&post=4726"},{"taxonomy":"post_tag","embeddable":true,"href":"https:\/\/jairolibreros.com\/index.php?rest_route=%2Fwp%2Fv2%2Ftags&post=4726"}],"curies":[{"name":"wp","href":"https:\/\/api.w.org\/{rel}","templated":true}]}}