{"id":4737,"date":"2025-10-14T17:44:53","date_gmt":"2025-10-14T17:44:53","guid":{"rendered":"https:\/\/jairolibreros.com\/?p=4737"},"modified":"2025-10-14T17:44:53","modified_gmt":"2025-10-14T17:44:53","slug":"musica-armas-y-redes-la-peligrosa-formula-del-reclutamiento-infantil-en-colombia","status":"publish","type":"post","link":"https:\/\/jairolibreros.com\/?p=4737","title":{"rendered":"M\u00fasica, armas y redes: la peligrosa f\u00f3rmula del reclutamiento infantil en Colombia"},"content":{"rendered":"<p><span style=\"font-family: tahoma, arial, helvetica, sans-serif; font-size: 14pt;\"><strong>M\u00fasica, armas y redes: la peligrosa f\u00f3rmula del reclutamiento infantil en Colombia<\/strong><\/span><\/p>\n<p><span style=\"font-family: tahoma, arial, helvetica, sans-serif; font-size: 14pt;\"><i><span dir=\"auto\">Caracol Radio \u00b7 Mar\u00eda Fernanda Latorre \u00b7 14.10.2025<\/span><\/i><\/span><\/p>\n<p style=\"text-align: center;\"><span style=\"font-family: tahoma, arial, helvetica, sans-serif; font-size: 14pt;\"><strong>El caso de alias \u2018Na\u00edn\u2019 evidencia c\u00f3mo los grupos armados usan TikTok para mostrar una falsa vida de lujo y atraer menores de edad<\/strong><\/span><\/p>\n<p class=\"p1\"><span class=\"s1\" style=\"font-family: tahoma, arial, helvetica, sans-serif; font-size: 14pt;\">&#8220;<em>El reclutamiento de ni\u00f1os, ni\u00f1as y adolescentes es un crimen de guerra. Es un acto aberrante que compromete penalmente a los cabecillas de las estructuras armadas, independiente de lo atractivo que sean los mecanismos que pongan en pr\u00e1ctica. Ese contenido que circula en redes sociales es una afrenta a la sociedad colombiana, y tiene que ser censurado y retirado de las redes sociales.<\/em><\/span><\/p>\n<p class=\"p1\"><span class=\"s1\" style=\"font-family: tahoma, arial, helvetica, sans-serif; font-size: 14pt;\"><em>Sin embargo, tambi\u00e9n muestra una faceta que la institucionalidad no ha sabido manejar, esto es, la creatividad medi\u00e1tica a la hora del reclutamiento en las fuerzas militares y en la polic\u00eda nacional. La ca\u00edda en los indicadores del alistamiento obedece a diferentes factores, pero de manera especial a que no sabemos vender un proyecto de vida digna, atractiva y rentable en el mundo de la seguridad y defensa nacional<\/em>&#8220;: <strong>Jairo Libreros<\/strong>.<\/span><\/p>\n<p><span style=\"font-family: tahoma, arial, helvetica, sans-serif; font-size: 14pt;\">El link de Caracol Radio:<\/span><\/p>\n<p><span style=\"font-family: tahoma, arial, helvetica, sans-serif; font-size: 14pt;\"><span style=\"text-decoration: underline;\"><a href=\"https:\/\/caracol.com.co\/2025\/10\/14\/musica-armas-y-redes-la-peligrosa-formula-del-reclutamiento-infantil-en-colombia\/#\">https:\/\/caracol.com.co\/2025\/10\/14\/musica-armas-y-redes-la-peligrosa-formula-del-reclutamiento-infantil-en-colombia\/#<\/a><\/span>\u00a0<\/span><\/p>\n<p style=\"text-align: right;\"><span style=\"font-family: tahoma, arial, helvetica, sans-serif; font-size: 14pt;\"><strong><a href=\"https:\/\/jairolibreros.com\/\"><u><span dir=\"auto\">Blog de Jairo Libreros<\/span><\/u><\/a><\/strong><\/span><\/p>\n","protected":false},"excerpt":{"rendered":"<p>M\u00fasica, armas y redes: la peligrosa f\u00f3rmula del reclutamiento infantil en Colombia Caracol Radio \u00b7 Mar\u00eda Fernanda Latorre \u00b7 14.10.2025 El caso de <\/p>\n","protected":false},"author":1,"featured_media":4535,"comment_status":"open","ping_status":"open","sticky":false,"template":"","format":"standard","meta":{"om_disable_all_campaigns":false,"_monsterinsights_skip_tracking":false,"_monsterinsights_sitenote_active":false,"_monsterinsights_sitenote_note":"","_monsterinsights_sitenote_category":0,"footnotes":""},"categories":[94,1],"tags":[54,90],"aioseo_notices":[],"class_list":["post-4737","post","type-post","status-publish","format-standard","has-post-thumbnail","hentry","category-caracol-radio","category-jairo-libreros","tag-comunicacion-politica","tag-seguridad-y-defensa-nacional"],"_links":{"self":[{"href":"https:\/\/jairolibreros.com\/index.php?rest_route=\/wp\/v2\/posts\/4737"}],"collection":[{"href":"https:\/\/jairolibreros.com\/index.php?rest_route=\/wp\/v2\/posts"}],"about":[{"href":"https:\/\/jairolibreros.com\/index.php?rest_route=\/wp\/v2\/types\/post"}],"author":[{"embeddable":true,"href":"https:\/\/jairolibreros.com\/index.php?rest_route=\/wp\/v2\/users\/1"}],"replies":[{"embeddable":true,"href":"https:\/\/jairolibreros.com\/index.php?rest_route=%2Fwp%2Fv2%2Fcomments&post=4737"}],"version-history":[{"count":3,"href":"https:\/\/jairolibreros.com\/index.php?rest_route=\/wp\/v2\/posts\/4737\/revisions"}],"predecessor-version":[{"id":4740,"href":"https:\/\/jairolibreros.com\/index.php?rest_route=\/wp\/v2\/posts\/4737\/revisions\/4740"}],"wp:featuredmedia":[{"embeddable":true,"href":"https:\/\/jairolibreros.com\/index.php?rest_route=\/wp\/v2\/media\/4535"}],"wp:attachment":[{"href":"https:\/\/jairolibreros.com\/index.php?rest_route=%2Fwp%2Fv2%2Fmedia&parent=4737"}],"wp:term":[{"taxonomy":"category","embeddable":true,"href":"https:\/\/jairolibreros.com\/index.php?rest_route=%2Fwp%2Fv2%2Fcategories&post=4737"},{"taxonomy":"post_tag","embeddable":true,"href":"https:\/\/jairolibreros.com\/index.php?rest_route=%2Fwp%2Fv2%2Ftags&post=4737"}],"curies":[{"name":"wp","href":"https:\/\/api.w.org\/{rel}","templated":true}]}}