{"id":4751,"date":"2025-10-17T05:04:50","date_gmt":"2025-10-17T05:04:50","guid":{"rendered":"https:\/\/jairolibreros.com\/?p=4751"},"modified":"2025-10-22T14:18:48","modified_gmt":"2025-10-22T14:18:48","slug":"las-decisiones-de-la-crc-alocucion-presidencial-y-medios-de-comunicacion","status":"publish","type":"post","link":"https:\/\/jairolibreros.com\/?p=4751","title":{"rendered":"Las decisiones de la CRC: alocuci\u00f3n presidencial y medios de comunicaci\u00f3n"},"content":{"rendered":"<p><span style=\"font-family: tahoma, arial, helvetica, sans-serif; font-size: 14pt;\"><strong>Las decisiones de la CRC: alocuci\u00f3n presidencial y medios de comunicaci\u00f3n<\/strong><\/span><\/p>\n<p><span style=\"font-family: tahoma, arial, helvetica, sans-serif; font-size: 14pt;\"><em><span class=\"s1\">Hora20 \u2022 Caracol Radio \u2022 Nicol\u00e1s Llano \u2022 16.10.2025<\/span><\/em><\/span><\/p>\n<figure id=\"attachment_4756\" aria-describedby=\"caption-attachment-4756\" style=\"width: 300px\" class=\"wp-caption alignright\"><img fetchpriority=\"high\" decoding=\"async\" class=\"size-medium wp-image-4756\" src=\"https:\/\/jairolibreros.com\/wp-content\/uploads\/2025\/10\/IMG_2788-300x300.jpeg\" alt=\"\" width=\"300\" height=\"300\" srcset=\"https:\/\/jairolibreros.com\/wp-content\/uploads\/2025\/10\/IMG_2788-300x300.jpeg 300w, https:\/\/jairolibreros.com\/wp-content\/uploads\/2025\/10\/IMG_2788-150x150.jpeg 150w, https:\/\/jairolibreros.com\/wp-content\/uploads\/2025\/10\/IMG_2788-768x768.jpeg 768w, https:\/\/jairolibreros.com\/wp-content\/uploads\/2025\/10\/IMG_2788-450x450.jpeg 450w, https:\/\/jairolibreros.com\/wp-content\/uploads\/2025\/10\/IMG_2788-600x600.jpeg 600w, https:\/\/jairolibreros.com\/wp-content\/uploads\/2025\/10\/IMG_2788-560x560.jpeg 560w, https:\/\/jairolibreros.com\/wp-content\/uploads\/2025\/10\/IMG_2788.jpeg 1000w\" sizes=\"(max-width: 300px) 100vw, 300px\" \/><figcaption id=\"caption-attachment-4756\" class=\"wp-caption-text\">Jairo Libreros. Hora20. Caracol Radio. 16.10.2025<\/figcaption><\/figure>\n<p style=\"text-align: center;\"><span style=\"font-family: tahoma, arial, helvetica, sans-serif; font-size: 14pt;\"><strong>Panelistas analizaron decisiones de la CRC al prohibir una alocuci\u00f3n presidencial y al pretender requerir informaci\u00f3n editorial a medios de comunicaci\u00f3n<\/strong><\/span><\/p>\n<p><span style=\"font-family: tahoma, arial, helvetica, sans-serif; font-size: 14pt;\"><strong>CRC, censura y alocuciones presidenciales<\/strong><\/span><\/p>\n<p><span style=\"font-family: tahoma, arial, helvetica, sans-serif; font-size: 14pt;\">En Hora20 el an\u00e1lisis a un panorama en el que\u00a0<b>se habla de censura, limitaciones a la libertad de expresi\u00f3n, Comisi\u00f3n de Regulaci\u00f3n en Comunicaciones,\u00a0<\/b>decisiones que amenazan la libertad de prensa y alocuciones limitadas. Despu\u00e9s, una pelea<\/span><\/p>\n<p><span style=\"font-family: tahoma, arial, helvetica, sans-serif; font-size: 14pt;\">entre dos altos funcionarios del Estado. Al final, una entidad clave en la defensa de derechos humanos que se queda sin recursos.<\/span><\/p>\n<p class=\"p1\"><span style=\"font-family: tahoma, arial, helvetica, sans-serif; font-size: 14pt;\"><b>Lo que dicen los panelistas<\/b><\/span><\/p>\n<p class=\"p1\"><span style=\"font-family: tahoma, arial, helvetica, sans-serif; font-size: 14pt;\"><b>Jairo Libreros, abogado, profesor universitario y consultor,\u00a0<\/b>explic\u00f3 que en el caso de la directriz de la CRC que hace requerimientos a medios fue ignorancia o un inter\u00e9s por amedrentar a los medios, \u201ccuando se revisa la Convenci\u00f3n Americana de Derechos Humanos hay claridad sobre las prohibiciones en el tema relacionado con la censura previa y dice que no se pueden establecer controles oficiales; la directriz parece que tomara todas las prohibiciones internacionales para amedrentar\u201d.<\/span><\/p>\n<figure id=\"attachment_4468\" aria-describedby=\"caption-attachment-4468\" style=\"width: 300px\" class=\"wp-caption alignleft\"><img decoding=\"async\" class=\"size-medium wp-image-4468\" src=\"https:\/\/jairolibreros.com\/wp-content\/uploads\/2025\/09\/IMG_5533-300x200.jpeg\" alt=\"\" width=\"300\" height=\"200\" srcset=\"https:\/\/jairolibreros.com\/wp-content\/uploads\/2025\/09\/IMG_5533-300x200.jpeg 300w, https:\/\/jairolibreros.com\/wp-content\/uploads\/2025\/09\/IMG_5533-1024x683.jpeg 1024w, https:\/\/jairolibreros.com\/wp-content\/uploads\/2025\/09\/IMG_5533-768x512.jpeg 768w, https:\/\/jairolibreros.com\/wp-content\/uploads\/2025\/09\/IMG_5533.jpeg 1089w\" sizes=\"(max-width: 300px) 100vw, 300px\" \/><figcaption id=\"caption-attachment-4468\" class=\"wp-caption-text\">Jairo Libreros. Hora20. Caracol Radio. 16.10.2025<\/figcaption><\/figure>\n<p class=\"p1\"><span style=\"font-family: tahoma, arial, helvetica, sans-serif; font-size: 14pt;\">Por otro lado,\u00a0<b>dijo que no estamos viendo ignorancia por parte de la CRC al momento de tomar su decisi\u00f3n del comunicado, sino un inter\u00e9s desmedido proveniente del Gobierno.<\/b><\/span><\/p>\n<p><span style=\"font-family: tahoma, arial, helvetica, sans-serif; font-size: 14pt;\">El video de Hora20 de Caracol Radio:<\/span><\/p>\n<p><iframe hcb-fetch-image-from=\"https:\/\/www.youtube.com\/watch?v=MJRTO3ALljo\" title=\"#Hora20 l CRC, censura y alocuciones presidenciales  | Caracol Radio\" width=\"640\" height=\"360\" src=\"https:\/\/www.youtube.com\/embed\/MJRTO3ALljo?feature=oembed\" frameborder=\"0\" allow=\"accelerometer; autoplay; clipboard-write; encrypted-media; gyroscope; picture-in-picture; web-share\" referrerpolicy=\"strict-origin-when-cross-origin\" allowfullscreen><\/iframe><\/p>\n<p><span style=\"font-family: tahoma, arial, helvetica, sans-serif; font-size: 14pt;\">El audio de Hora de Caracol Radio:<\/span><\/p>\n<!--[if lt IE 9]><script>document.createElement('audio');<\/script><![endif]-->\n<audio class=\"wp-audio-shortcode\" id=\"audio-4751-1\" preload=\"none\" style=\"width: 100%;\" controls=\"controls\"><source type=\"audio\/mpeg\" src=\"https:\/\/jairolibreros.com\/wp-content\/uploads\/2025\/10\/Las-decisiones-de-la-CRC_-alocucion-presidencial-y-medios-de-comunicacion.mp3?_=1\" \/><a href=\"https:\/\/jairolibreros.com\/wp-content\/uploads\/2025\/10\/Las-decisiones-de-la-CRC_-alocucion-presidencial-y-medios-de-comunicacion.mp3\">https:\/\/jairolibreros.com\/wp-content\/uploads\/2025\/10\/Las-decisiones-de-la-CRC_-alocucion-presidencial-y-medios-de-comunicacion.mp3<\/a><\/audio>\n<p><span style=\"font-family: tahoma, arial, helvetica, sans-serif; font-size: 14pt;\">El link de Hora20 de Caracol Radio:<\/span><\/p>\n<p><span style=\"font-family: tahoma, arial, helvetica, sans-serif; font-size: 14pt;\"><span style=\"text-decoration: underline;\"><a href=\"https:\/\/caracol.com.co\/2025\/10\/17\/las-decisiones-de-la-crc-alocucion-presidencial-y-medios-de-comunicacion\/\">https:\/\/caracol.com.co\/2025\/10\/17\/las-decisiones-de-la-crc-alocucion-presidencial-y-medios-de-comunicacion\/<\/a><\/span>\u00a0<\/span><\/p>\n<p style=\"text-align: right;\"><span style=\"font-family: tahoma, arial, helvetica, sans-serif; font-size: 14pt;\"><a href=\"https:\/\/jairolibreros.com\/\"><strong><span style=\"text-decoration: underline;\">Blog de Jairo Libreros<\/span><\/strong><\/a><\/span><\/p>\n","protected":false},"excerpt":{"rendered":"<p>Las decisiones de la CRC: alocuci\u00f3n presidencial y medios de comunicaci\u00f3n Hora20 \u2022 Caracol Radio \u2022 Nicol\u00e1s Llano \u2022 16.10.2025 Panelistas analizaron decisiones <\/p>\n","protected":false},"author":1,"featured_media":4222,"comment_status":"open","ping_status":"open","sticky":false,"template":"","format":"standard","meta":{"om_disable_all_campaigns":false,"_monsterinsights_skip_tracking":false,"_monsterinsights_sitenote_active":false,"_monsterinsights_sitenote_note":"","_monsterinsights_sitenote_category":0,"footnotes":""},"categories":[94,1],"tags":[54,98],"aioseo_notices":[],"class_list":["post-4751","post","type-post","status-publish","format-standard","has-post-thumbnail","hentry","category-caracol-radio","category-jairo-libreros","tag-comunicacion-politica","tag-derechos-humanos"],"_links":{"self":[{"href":"https:\/\/jairolibreros.com\/index.php?rest_route=\/wp\/v2\/posts\/4751"}],"collection":[{"href":"https:\/\/jairolibreros.com\/index.php?rest_route=\/wp\/v2\/posts"}],"about":[{"href":"https:\/\/jairolibreros.com\/index.php?rest_route=\/wp\/v2\/types\/post"}],"author":[{"embeddable":true,"href":"https:\/\/jairolibreros.com\/index.php?rest_route=\/wp\/v2\/users\/1"}],"replies":[{"embeddable":true,"href":"https:\/\/jairolibreros.com\/index.php?rest_route=%2Fwp%2Fv2%2Fcomments&post=4751"}],"version-history":[{"count":5,"href":"https:\/\/jairolibreros.com\/index.php?rest_route=\/wp\/v2\/posts\/4751\/revisions"}],"predecessor-version":[{"id":4759,"href":"https:\/\/jairolibreros.com\/index.php?rest_route=\/wp\/v2\/posts\/4751\/revisions\/4759"}],"wp:featuredmedia":[{"embeddable":true,"href":"https:\/\/jairolibreros.com\/index.php?rest_route=\/wp\/v2\/media\/4222"}],"wp:attachment":[{"href":"https:\/\/jairolibreros.com\/index.php?rest_route=%2Fwp%2Fv2%2Fmedia&parent=4751"}],"wp:term":[{"taxonomy":"category","embeddable":true,"href":"https:\/\/jairolibreros.com\/index.php?rest_route=%2Fwp%2Fv2%2Fcategories&post=4751"},{"taxonomy":"post_tag","embeddable":true,"href":"https:\/\/jairolibreros.com\/index.php?rest_route=%2Fwp%2Fv2%2Ftags&post=4751"}],"curies":[{"name":"wp","href":"https:\/\/api.w.org\/{rel}","templated":true}]}}