{"id":4763,"date":"2025-10-19T19:24:39","date_gmt":"2025-10-19T19:24:39","guid":{"rendered":"https:\/\/jairolibreros.com\/?p=4763"},"modified":"2025-10-19T22:06:22","modified_gmt":"2025-10-19T22:06:22","slug":"colombia-perderia-su-condicion-de-socio-estrategico-de-eeuu","status":"publish","type":"post","link":"https:\/\/jairolibreros.com\/?p=4763","title":{"rendered":"Sector pol\u00edtico del pa\u00eds pide a Donald Trump no tomar determinaciones apresuradas"},"content":{"rendered":"<p><span style=\"font-family: tahoma, arial, helvetica, sans-serif; font-size: 14pt;\"><strong>Sector pol\u00edtico del pa\u00eds pide a Donald Trump no tomar determinaciones apresuradas<\/strong><\/span><\/p>\n<p><span style=\"font-family: tahoma, arial, helvetica, sans-serif; font-size: 14pt;\"><em>Caracol Radio \u00b7 Juli\u00e1n Mart\u00ednez y Fidel Franco \u00b7 19.10.2025<\/em><\/span><\/p>\n<figure id=\"attachment_4769\" aria-describedby=\"caption-attachment-4769\" style=\"width: 240px\" class=\"wp-caption alignright\"><img fetchpriority=\"high\" decoding=\"async\" class=\"size-medium wp-image-4769\" src=\"https:\/\/jairolibreros.com\/wp-content\/uploads\/2025\/10\/F2321518-55EA-4DA6-9E20-CDB9A2115864-240x300.jpeg\" alt=\"\" width=\"240\" height=\"300\" srcset=\"https:\/\/jairolibreros.com\/wp-content\/uploads\/2025\/10\/F2321518-55EA-4DA6-9E20-CDB9A2115864-240x300.jpeg 240w, https:\/\/jairolibreros.com\/wp-content\/uploads\/2025\/10\/F2321518-55EA-4DA6-9E20-CDB9A2115864-820x1024.jpeg 820w, https:\/\/jairolibreros.com\/wp-content\/uploads\/2025\/10\/F2321518-55EA-4DA6-9E20-CDB9A2115864-768x959.jpeg 768w, https:\/\/jairolibreros.com\/wp-content\/uploads\/2025\/10\/F2321518-55EA-4DA6-9E20-CDB9A2115864.jpeg 1200w\" sizes=\"(max-width: 240px) 100vw, 240px\" \/><figcaption id=\"caption-attachment-4769\" class=\"wp-caption-text\">Jairo Libreros. Caracol Radio. 2025<\/figcaption><\/figure>\n<p class=\"p1\" style=\"text-align: center;\"><span style=\"font-family: tahoma, arial, helvetica, sans-serif; font-size: 14pt;\"><strong>Aseguran que es necesario explorar canales para solucionar las decisiones que se toman referentes a Colombia y piden que se analicen con m\u00e1s calma<\/strong><\/span><\/p>\n<p><span style=\"font-family: tahoma, arial, helvetica, sans-serif; font-size: 14pt;\"><strong>\u00bfColombia perder\u00eda su condici\u00f3n de socio estrat\u00e9gico de EEUU?<\/strong><\/span><\/p>\n<p class=\"p1\"><span style=\"font-family: tahoma, arial, helvetica, sans-serif; font-size: 14pt;\">&#8220;<em>En seguridad y defensa nacional Colombia registrar\u00e1 un hito hist\u00f3rico de ruptura en cooperaci\u00f3n bilateral con la Casa Blanca. De un lado, la posici\u00f3n privilegia del pa\u00eds bajo el r\u00f3tulo de \u201csocio estrat\u00e9gico\u201d de EEUU se perder\u00e1. Hablamos de d\u00e9cadas de relacionamiento internacional, que le ha permitido a Colombia acceder en condiciones preferentes a fuentes fiscales, de acceso a tecnolog\u00eda, de entrenamiento y capacitaci\u00f3n militar y policial, de intercambio de informaci\u00f3n de inteligencia y de evidencias judiciales y al fortalecimiento integral de la Fuerza P\u00fablica.<\/em><\/span><\/p>\n<p class=\"p1\"><span style=\"font-family: tahoma, arial, helvetica, sans-serif; font-size: 14pt;\"><em>Y de otro lado, esta ruptura se presenta en una coyuntura de crisis de seguridad p\u00fablica, de alteraciones graves del orden p\u00fablico urbano y en medio del fracaso de la paz total como pol\u00edtica p\u00fablica. Es precisamente en este momento, caracterizado adem\u00e1s por el ciclo electoral del 2026, cuando m\u00e1s apoyo bilateral se requiere en asistencia de las operaciones militares, policiales y de inteligencia para garantizar la seguridad ciudadana, el control del territorial y blindar la integridad de nuestra democracia constitucional por cuenta de las elecciones al Congreso y a la Presidencia de la Rep\u00fablica<\/em>&#8220;: <strong>Jairo Libreros<\/strong>.<\/span><\/p>\n<p><span style=\"font-family: tahoma, arial, helvetica, sans-serif; font-size: 14pt;\">El link de Caracol Radio:<\/span><\/p>\n<p><span style=\"font-family: tahoma, arial, helvetica, sans-serif; font-size: 14pt;\"><span style=\"text-decoration: underline;\"><a href=\"https:\/\/caracol.com.co\/2025\/10\/19\/sector-politico-del-pais-pide-a-donald-trump-no-tomar-determinaciones-apresuradas\/#\">https:\/\/caracol.com.co\/2025\/10\/19\/sector-politico-del-pais-pide-a-donald-trump-no-tomar-determinaciones-apresuradas\/#<\/a><\/span>\u00a0<\/span><\/p>\n<p style=\"text-align: right;\"><span style=\"text-decoration: underline; font-family: tahoma, arial, helvetica, sans-serif; font-size: 14pt;\"><a href=\"https:\/\/jairolibreros.com\/\"><strong>Blog de Jairo Libreros<\/strong><\/a><\/span><\/p>\n","protected":false},"excerpt":{"rendered":"<p>Sector pol\u00edtico del pa\u00eds pide a Donald Trump no tomar determinaciones apresuradas Caracol Radio \u00b7 Juli\u00e1n Mart\u00ednez y Fidel Franco \u00b7 19.10.2025 Aseguran <\/p>\n","protected":false},"author":1,"featured_media":4769,"comment_status":"open","ping_status":"open","sticky":false,"template":"","format":"standard","meta":{"om_disable_all_campaigns":false,"_monsterinsights_skip_tracking":false,"_monsterinsights_sitenote_active":false,"_monsterinsights_sitenote_note":"","_monsterinsights_sitenote_category":0,"footnotes":""},"categories":[94,1],"tags":[90,97,64],"aioseo_notices":[],"class_list":["post-4763","post","type-post","status-publish","format-standard","has-post-thumbnail","hentry","category-caracol-radio","category-jairo-libreros","tag-seguridad-y-defensa-nacional","tag-inteligencia-estrategica","tag-politica-internacional"],"_links":{"self":[{"href":"https:\/\/jairolibreros.com\/index.php?rest_route=\/wp\/v2\/posts\/4763"}],"collection":[{"href":"https:\/\/jairolibreros.com\/index.php?rest_route=\/wp\/v2\/posts"}],"about":[{"href":"https:\/\/jairolibreros.com\/index.php?rest_route=\/wp\/v2\/types\/post"}],"author":[{"embeddable":true,"href":"https:\/\/jairolibreros.com\/index.php?rest_route=\/wp\/v2\/users\/1"}],"replies":[{"embeddable":true,"href":"https:\/\/jairolibreros.com\/index.php?rest_route=%2Fwp%2Fv2%2Fcomments&post=4763"}],"version-history":[{"count":6,"href":"https:\/\/jairolibreros.com\/index.php?rest_route=\/wp\/v2\/posts\/4763\/revisions"}],"predecessor-version":[{"id":4770,"href":"https:\/\/jairolibreros.com\/index.php?rest_route=\/wp\/v2\/posts\/4763\/revisions\/4770"}],"wp:featuredmedia":[{"embeddable":true,"href":"https:\/\/jairolibreros.com\/index.php?rest_route=\/wp\/v2\/media\/4769"}],"wp:attachment":[{"href":"https:\/\/jairolibreros.com\/index.php?rest_route=%2Fwp%2Fv2%2Fmedia&parent=4763"}],"wp:term":[{"taxonomy":"category","embeddable":true,"href":"https:\/\/jairolibreros.com\/index.php?rest_route=%2Fwp%2Fv2%2Fcategories&post=4763"},{"taxonomy":"post_tag","embeddable":true,"href":"https:\/\/jairolibreros.com\/index.php?rest_route=%2Fwp%2Fv2%2Ftags&post=4763"}],"curies":[{"name":"wp","href":"https:\/\/api.w.org\/{rel}","templated":true}]}}