{"id":4771,"date":"2025-10-20T19:45:24","date_gmt":"2025-10-20T19:45:24","guid":{"rendered":"https:\/\/jairolibreros.com\/?p=4771"},"modified":"2025-10-20T19:45:24","modified_gmt":"2025-10-20T19:45:24","slug":"elecciones-a-consejos-de-juventud-resultados-reflejan-perdida-de-la-izquierda-en-los-jovenes","status":"publish","type":"post","link":"https:\/\/jairolibreros.com\/?p=4771","title":{"rendered":"Elecciones a Consejos de Juventud: \u00bfResultados reflejan p\u00e9rdida de la izquierda en los j\u00f3venes?"},"content":{"rendered":"<p><span style=\"font-size: 14pt; font-family: tahoma, arial, helvetica, sans-serif;\"><strong>Elecciones a Consejos de Juventud: \u00bfResultados reflejan p\u00e9rdida de la izquierda en los j\u00f3venes?<\/strong><\/span><\/p>\n<p><span style=\"font-family: tahoma, arial, helvetica, sans-serif; font-size: 14pt;\"><em>Caracol Radio \u00b7 Mar\u00eda Paula Pineda \u00b7 20.10.2025<\/em><\/span><\/p>\n<p class=\"p1\" style=\"text-align: center;\"><span style=\"font-size: 14pt; font-family: tahoma, arial, helvetica, sans-serif;\"><strong>Analistas aseguran que los resultados de las elecciones de este domingo tambi\u00e9n podr\u00edan reflejarse en las elecciones a Congreso y Presidencia del pr\u00f3ximo a\u00f1o. Conozca los detalles en Caracol Radio<\/strong><\/span><\/p>\n<p class=\"p1\"><span style=\"font-family: tahoma, arial, helvetica, sans-serif; font-size: 14pt;\">\u201c<em>En Colombia los partidos pol\u00edticos tradicionales gozan de buena salud. A diferencia de lo que ocurre en otras latitudes, especialmente en Am\u00e9rica Latina, esas colectividades se conectaron con los j\u00f3venes electores, quienes mayoritariamente est\u00e1n ubicados en el centro y la centro-derecha del espectro pol\u00edtico.<\/em><\/span><\/p>\n<p class=\"p1\"><span style=\"font-family: tahoma, arial, helvetica, sans-serif; font-size: 14pt;\"><em>El mensaje que deja la jornada es doble. De un lado, los votantes se identifican con los partidos de mayor estructura electoral y lograron articularse con sus mecanismos de afiliaci\u00f3n. Y del otro lado, la izquierda perdi\u00f3 terreno pol\u00edtico. Su votaci\u00f3n por decir lo menos es residual, y es una alerta que los obliga a construir un relacionamiento diferenciado con los j\u00f3venes, quienes ya no estar\u00edan dispuestos a acompa\u00f1arlos -como ocurri\u00f3 en el 2022- en las diferentes etapas del ciclo electoral del 2026<\/em>\u201d: <strong>Jairo Libreros<\/strong>.<\/span><\/p>\n<p><span style=\"font-family: tahoma, arial, helvetica, sans-serif; font-size: 14pt;\">El link de Caracol Radio:<\/span><\/p>\n<p><span style=\"font-size: 14pt; font-family: tahoma, arial, helvetica, sans-serif;\"><span style=\"text-decoration: underline;\"><a href=\"https:\/\/caracol.com.co\/2025\/10\/20\/elecciones-a-consejos-de-juventud-resultados-reflejan-perdida-de-la-izquierda-en-los-jovenes\/#\">https:\/\/caracol.com.co\/2025\/10\/20\/elecciones-a-consejos-de-juventud-resultados-reflejan-perdida-de-la-izquierda-en-los-jovenes\/#<\/a><\/span>\u00a0<\/span><\/p>\n<p style=\"text-align: right;\"><span style=\"text-decoration: underline; font-family: tahoma, arial, helvetica, sans-serif; font-size: 14pt;\"><a href=\"https:\/\/jairolibreros.com\/\"><strong>Blog de Jairo Libreros<\/strong><\/a><\/span><\/p>\n","protected":false},"excerpt":{"rendered":"<p>Elecciones a Consejos de Juventud: \u00bfResultados reflejan p\u00e9rdida de la izquierda en los j\u00f3venes? Caracol Radio \u00b7 Mar\u00eda Paula Pineda \u00b7 20.10.2025 Analistas <\/p>\n","protected":false},"author":1,"featured_media":4468,"comment_status":"open","ping_status":"open","sticky":false,"template":"","format":"standard","meta":{"om_disable_all_campaigns":false,"_monsterinsights_skip_tracking":false,"_monsterinsights_sitenote_active":false,"_monsterinsights_sitenote_note":"","_monsterinsights_sitenote_category":0,"footnotes":""},"categories":[94,1],"tags":[44,54],"aioseo_notices":[],"class_list":["post-4771","post","type-post","status-publish","format-standard","has-post-thumbnail","hentry","category-caracol-radio","category-jairo-libreros","tag-elecciones","tag-comunicacion-politica"],"_links":{"self":[{"href":"https:\/\/jairolibreros.com\/index.php?rest_route=\/wp\/v2\/posts\/4771"}],"collection":[{"href":"https:\/\/jairolibreros.com\/index.php?rest_route=\/wp\/v2\/posts"}],"about":[{"href":"https:\/\/jairolibreros.com\/index.php?rest_route=\/wp\/v2\/types\/post"}],"author":[{"embeddable":true,"href":"https:\/\/jairolibreros.com\/index.php?rest_route=\/wp\/v2\/users\/1"}],"replies":[{"embeddable":true,"href":"https:\/\/jairolibreros.com\/index.php?rest_route=%2Fwp%2Fv2%2Fcomments&post=4771"}],"version-history":[{"count":3,"href":"https:\/\/jairolibreros.com\/index.php?rest_route=\/wp\/v2\/posts\/4771\/revisions"}],"predecessor-version":[{"id":4774,"href":"https:\/\/jairolibreros.com\/index.php?rest_route=\/wp\/v2\/posts\/4771\/revisions\/4774"}],"wp:featuredmedia":[{"embeddable":true,"href":"https:\/\/jairolibreros.com\/index.php?rest_route=\/wp\/v2\/media\/4468"}],"wp:attachment":[{"href":"https:\/\/jairolibreros.com\/index.php?rest_route=%2Fwp%2Fv2%2Fmedia&parent=4771"}],"wp:term":[{"taxonomy":"category","embeddable":true,"href":"https:\/\/jairolibreros.com\/index.php?rest_route=%2Fwp%2Fv2%2Fcategories&post=4771"},{"taxonomy":"post_tag","embeddable":true,"href":"https:\/\/jairolibreros.com\/index.php?rest_route=%2Fwp%2Fv2%2Ftags&post=4771"}],"curies":[{"name":"wp","href":"https:\/\/api.w.org\/{rel}","templated":true}]}}