{"id":4775,"date":"2025-10-21T14:04:50","date_gmt":"2025-10-21T14:04:50","guid":{"rendered":"https:\/\/jairolibreros.com\/?p=4775"},"modified":"2025-10-21T13:31:26","modified_gmt":"2025-10-21T13:31:26","slug":"seguridad-y-proteccion-de-entornos-construyendo-comunidades-mas-seguras","status":"publish","type":"post","link":"https:\/\/jairolibreros.com\/?p=4775","title":{"rendered":"Seguridad y protecci\u00f3n de entornos: construyendo comunidades m\u00e1s seguras"},"content":{"rendered":"<p><span style=\"font-family: tahoma, arial, helvetica, sans-serif; font-size: 14pt;\"><strong>Seminario. Seguridad y protecci\u00f3n de entornos: construyendo comunidades m\u00e1s seguras<\/strong><\/span><\/p>\n<p><span style=\"font-family: tahoma, arial, helvetica, sans-serif; font-size: 14pt;\"><em>Universidad Externado de Colombia. FIGRI \u00b7 ALTO. Fenalco \u00b7 21.10.2025<\/em><\/span><\/p>\n<p><span style=\"font-family: tahoma, arial, helvetica, sans-serif; font-size: 14pt;\"><strong>Seguridad Empresarial 360\u00ba: medidas para prevenir robos, fraudes, ciberataques y extorsi\u00f3n<\/strong><\/span><\/p>\n<p><span style=\"font-family: tahoma, arial, helvetica, sans-serif; font-size: 14pt;\">Las preguntas gu\u00eda:<\/span><\/p>\n<p class=\"p1\"><span style=\"font-family: tahoma, arial, helvetica, sans-serif; font-size: 14pt;\"><b>Dr. Fredy Bautista<\/b><\/span><\/p>\n<p class=\"p1\"><span style=\"font-family: tahoma, arial, helvetica, sans-serif; font-size: 14pt;\">\u00bfCu\u00e1les considera que son las lecciones m\u00e1s valiosas que dej\u00f3 esa transici\u00f3n del \u00e1mbito policial al financiero para fortalecer la seguridad integral dentro de una entidad tan sensible como el Banco de la Rep\u00fablica?<\/span><\/p>\n<p class=\"p1\"><span style=\"font-family: tahoma, arial, helvetica, sans-serif; font-size: 14pt;\"><b>Dra. Liliana Zambrano<\/b><\/span><\/p>\n<p class=\"p1\"><span style=\"font-family: tahoma, arial, helvetica, sans-serif; font-size: 14pt;\">\u00bfC\u00f3mo describir\u00eda el estado actual de la ciberseguridad en Colombia y cu\u00e1les considera que son las principales brechas que debemos cerrar en el corto plazo?<\/span><\/p>\n<p class=\"p1\"><span style=\"font-family: tahoma, arial, helvetica, sans-serif; font-size: 14pt;\"><b>Dr. Diego Espitia<\/b><\/span><\/p>\n<p class=\"p1\"><span style=\"font-family: tahoma, arial, helvetica, sans-serif; font-size: 14pt;\">\u00bfCu\u00e1les son hoy los principales riesgos que enfrentan las empresas colombianas? \u00bfQu\u00e9 tipos de ataques o vulnerabilidades son m\u00e1s frecuentes y qu\u00e9 sectores est\u00e1n m\u00e1s expuestos?<\/span><\/p>\n<p class=\"p1\"><span style=\"font-family: tahoma, arial, helvetica, sans-serif; font-size: 14pt;\"><b>Dr. Carlos Moreno<\/b><\/span><\/p>\n<p class=\"p1\"><span style=\"font-family: tahoma, arial, helvetica, sans-serif; font-size: 14pt;\">\u00bfC\u00f3mo ha logrado Falabella integrar la seguridad f\u00edsica, tecnol\u00f3gica y humana en un modelo 360\u00b0 que proteja tanto sus operaciones como la experiencia del cliente?<\/span><\/p>\n<p class=\"p1\"><span style=\"font-family: tahoma, arial, helvetica, sans-serif; font-size: 14pt;\"><b>Hablemos de los riesgos que asumen en cada una de sus competencias<\/b><\/span><\/p>\n<p class=\"p1\"><span style=\"font-family: tahoma, arial, helvetica, sans-serif; font-size: 14pt;\">\u00bfConocen o han manejado casos de personas infiltradas por organizaciones del crimen? \u00bfFall\u00f3 la selecci\u00f3n del talento humano?<\/span><\/p>\n<p class=\"p1\"><span style=\"font-family: tahoma, arial, helvetica, sans-serif; font-size: 14pt;\">\u00bfSus clientes en t\u00e9rminos corporativos o personales han sido extorsionados? \u00bfComo se gestion\u00f3 el incidente?<\/span><\/p>\n<p class=\"p1\"><span style=\"font-family: tahoma, arial, helvetica, sans-serif; font-size: 14pt;\">\u00bfC\u00f3mo se maneja un caso de ciberseguridad? \u00bfComo es una alerta, cu\u00e1ndo se define, cu\u00e1l es el paso a seguir?<\/span><\/p>\n<p class=\"p1\"><span style=\"font-family: tahoma, arial, helvetica, sans-serif; font-size: 14pt;\"><b>Hablemos de gestion de crisis<\/b><\/span><\/p>\n<p class=\"p1\"><span style=\"font-family: tahoma, arial, helvetica, sans-serif; font-size: 14pt;\">\u00bfExiste una diferencia entre prevenci\u00f3n y anticipaci\u00f3n de riesgos en seguridad empresarial?<\/span><\/p>\n<p class=\"p1\"><span style=\"font-family: tahoma, arial, helvetica, sans-serif; font-size: 14pt;\">\u00bfC\u00f3mo es un proceso de prevenci\u00f3n de los incidentes de seguridad y ciberseguridad?<\/span><\/p>\n<p class=\"p1\"><span style=\"font-family: tahoma, arial, helvetica, sans-serif; font-size: 14pt;\">\u00bfC\u00f3mo es un proceso de anticipaci\u00f3n de los incidentes de seguridad y ciberseguridad?<\/span><\/p>\n<p class=\"p1\"><span style=\"font-family: tahoma, arial, helvetica, sans-serif; font-size: 14pt;\"><b>Hablemos de seguridad p\u00fablica<\/b><\/span><\/p>\n<figure id=\"attachment_4777\" aria-describedby=\"caption-attachment-4777\" style=\"width: 169px\" class=\"wp-caption alignleft\"><img fetchpriority=\"high\" decoding=\"async\" class=\"size-medium wp-image-4777\" src=\"https:\/\/jairolibreros.com\/wp-content\/uploads\/2025\/10\/IMG_2789-169x300.jpeg\" alt=\"\" width=\"169\" height=\"300\" srcset=\"https:\/\/jairolibreros.com\/wp-content\/uploads\/2025\/10\/IMG_2789-169x300.jpeg 169w, https:\/\/jairolibreros.com\/wp-content\/uploads\/2025\/10\/IMG_2789-576x1024.jpeg 576w, https:\/\/jairolibreros.com\/wp-content\/uploads\/2025\/10\/IMG_2789.jpeg 720w\" sizes=\"(max-width: 169px) 100vw, 169px\" \/><figcaption id=\"caption-attachment-4777\" class=\"wp-caption-text\">Jairo Libreros. Universidad Externado. 2025<\/figcaption><\/figure>\n<p class=\"p1\"><span style=\"font-family: tahoma, arial, helvetica, sans-serif; font-size: 14pt;\">Algunos expertos -o la gran mayor\u00eda- afirman que las capacidades de inteligencia y de respuesta operacional de los organismos de seguridad est\u00e1 disminuida o es m\u00ednima:<\/span><\/p>\n<p class=\"p1\"><span style=\"font-family: tahoma, arial, helvetica, sans-serif; font-size: 14pt;\">\u00bfC\u00f3mo califica su relacionamiento con la Polic\u00eda Nacional, la Fiscal\u00eda u otra instituci\u00f3n del Estado?<\/span><\/p>\n<p class=\"p1\"><span style=\"font-family: tahoma, arial, helvetica, sans-serif; font-size: 14pt;\"><b>Por \u00faltimo, en una mirada internacional a los sistemas de organismos de seguridad se destaca el auge de organismos de ciberseguridad:<\/b><\/span><\/p>\n<p class=\"p1\"><span style=\"font-family: tahoma, arial, helvetica, sans-serif; font-size: 14pt;\">\u00bfEn qu\u00e9 estamos en Colombia? \u00bfQu\u00e9 decirle a ese centenar de candidatos que aspiran llegar a la Casa de Nari\u00f1o?<\/span><\/p>\n<p style=\"text-align: right;\"><span style=\"text-decoration: underline; font-family: tahoma, arial, helvetica, sans-serif; font-size: 14pt;\"><a href=\"https:\/\/jairolibreros.com\/\"><strong>Blog de Jairo Libreros<\/strong><\/a><\/span><\/p>\n","protected":false},"excerpt":{"rendered":"<p>Seminario. Seguridad y protecci\u00f3n de entornos: construyendo comunidades m\u00e1s seguras Universidad Externado de Colombia. FIGRI \u00b7 ALTO. Fenalco \u00b7 21.10.2025 Seguridad Empresarial 360\u00ba: <\/p>\n","protected":false},"author":1,"featured_media":4777,"comment_status":"open","ping_status":"open","sticky":false,"template":"","format":"standard","meta":{"om_disable_all_campaigns":false,"_monsterinsights_skip_tracking":false,"_monsterinsights_sitenote_active":false,"_monsterinsights_sitenote_note":"","_monsterinsights_sitenote_category":0,"footnotes":""},"categories":[1,96],"tags":[53,39],"aioseo_notices":[],"class_list":["post-4775","post","type-post","status-publish","format-standard","has-post-thumbnail","hentry","category-jairo-libreros","category-universidad-externado","tag-politicas-publicas","tag-seguridad-ciudadana"],"_links":{"self":[{"href":"https:\/\/jairolibreros.com\/index.php?rest_route=\/wp\/v2\/posts\/4775"}],"collection":[{"href":"https:\/\/jairolibreros.com\/index.php?rest_route=\/wp\/v2\/posts"}],"about":[{"href":"https:\/\/jairolibreros.com\/index.php?rest_route=\/wp\/v2\/types\/post"}],"author":[{"embeddable":true,"href":"https:\/\/jairolibreros.com\/index.php?rest_route=\/wp\/v2\/users\/1"}],"replies":[{"embeddable":true,"href":"https:\/\/jairolibreros.com\/index.php?rest_route=%2Fwp%2Fv2%2Fcomments&post=4775"}],"version-history":[{"count":15,"href":"https:\/\/jairolibreros.com\/index.php?rest_route=\/wp\/v2\/posts\/4775\/revisions"}],"predecessor-version":[{"id":4793,"href":"https:\/\/jairolibreros.com\/index.php?rest_route=\/wp\/v2\/posts\/4775\/revisions\/4793"}],"wp:featuredmedia":[{"embeddable":true,"href":"https:\/\/jairolibreros.com\/index.php?rest_route=\/wp\/v2\/media\/4777"}],"wp:attachment":[{"href":"https:\/\/jairolibreros.com\/index.php?rest_route=%2Fwp%2Fv2%2Fmedia&parent=4775"}],"wp:term":[{"taxonomy":"category","embeddable":true,"href":"https:\/\/jairolibreros.com\/index.php?rest_route=%2Fwp%2Fv2%2Fcategories&post=4775"},{"taxonomy":"post_tag","embeddable":true,"href":"https:\/\/jairolibreros.com\/index.php?rest_route=%2Fwp%2Fv2%2Ftags&post=4775"}],"curies":[{"name":"wp","href":"https:\/\/api.w.org\/{rel}","templated":true}]}}