{"id":478,"date":"2022-05-18T02:20:20","date_gmt":"2022-05-18T02:20:20","guid":{"rendered":"https:\/\/jairolibreros.com\/?p=478"},"modified":"2025-10-22T13:52:12","modified_gmt":"2025-10-22T13:52:12","slug":"jairo-libreros-es-la-voz-de-quienes-rechazamos-la-decision-de-la-procuradora-margarita-cabello-de-suspender-provisionalmente-al-alcalde-daniel-quintero","status":"publish","type":"post","link":"https:\/\/jairolibreros.com\/?p=478","title":{"rendered":"Jairo Libreros es la voz de quienes rechazamos la decisi\u00f3n de la procuradora Margarita Cabello de suspender provisionalmente al alcalde Daniel Quintero"},"content":{"rendered":"<p><span style=\"font-size: 14pt; font-family: tahoma, arial, helvetica, sans-serif;\"><strong>Jairo Libreros es la voz de quienes rechazamos la decisi\u00f3n de la procuradora Margarita Cabello de suspender provisionalmente al alcalde Daniel Quintero<\/strong><\/span><\/p>\n<p><span style=\"font-family: tahoma, arial, helvetica, sans-serif; font-size: 14pt;\"><em><span class=\"r-18u37iz\"><a class=\"css-4rbku5 css-18t94o4 css-901oao css-16my406 r-1cvl2hr r-1loqt21 r-poiln3 r-bcqeeo r-1ny4l3l r-1ddef8g r-tjvw6i r-qvutc0\" dir=\"ltr\" role=\"link\" href=\"https:\/\/twitter.com\/hashtag\/SoyLaVoz?src=hashtag_click\">#SoyLaVoz<\/a> \u00b7 6AM \u00b7 Caracol Radio (11.04.2022)\u00a0<\/span><\/em><\/span><\/p>\n<p class=\"p1\"><span style=\"font-size: 14pt; font-family: tahoma, arial, helvetica, sans-serif;\">Hola, les habla <strong>Jairo Libreros<\/strong>, profesor de la Universidad Externado de Colombia, y soy la voz de quienes rechazamos la decisi\u00f3n de la procuradora Margarita Cabello de suspender provisionalmente a Daniel Quintero, alcalde de Medell\u00edn, porque no es cierto que el Ministerio P\u00fablico que ella regenta tenga la competencia de investigar, suspender o sancionar a los servidores p\u00fablicos elegidos popularmente. <\/span><\/p>\n<p class=\"p1\"><span style=\"font-size: 14pt; font-family: tahoma, arial, helvetica, sans-serif;\">La procuradora Cabello desconoce arbitrariamente la Convenci\u00f3n Americana sobre Derechos Humanos y vulnera de manera manifiesta la Constituci\u00f3n Pol\u00edtica de Colombia -v\u00eda bloque de constitucionalidad-, cuando dice que la democracia tiene reglas y que estas deben cumplirse. En derecho est\u00e1 afirmaci\u00f3n es cierta, pero ella debi\u00f3 aplic\u00e1rsela a s\u00ed misma para respetar el Estado de derecho y el derecho internacional que la rige.<\/span><\/p>\n<p class=\"p1\"><span style=\"font-size: 14pt; font-family: tahoma, arial, helvetica, sans-serif;\">Una abogada como Cabello, con su trayectoria y experiencia, de manera conveniente olvida, o maliciosamente pretende ocultar la sentencia de la Corte Interamericana de DDDH sobre la suspensi\u00f3n antijur\u00eddica de Gustavo Petro cuando fue alcalde de Bogot\u00e1. En esa ocasi\u00f3n el Tribunal de San Jos\u00e9 fue claro y contundente: una instituci\u00f3n administrativa como la Procuradur\u00eda General de la Naci\u00f3n no puede suspender o apartar del cargo a servidores p\u00fablicos elegidos por voluntad popular.<\/span><\/p>\n<p class=\"p1\"><span style=\"font-size: 14pt; font-family: tahoma, arial, helvetica, sans-serif;\">Entonces, \u00bfcu\u00e1l es la justificaci\u00f3n de la decisi\u00f3n de la procuradora Cabello? Sencillo, es pol\u00edtica, y est\u00e1 relacionada con el proceso de elecci\u00f3n presidencial. Esta decisi\u00f3n es una intervenci\u00f3n en pol\u00edtica de la Procuradur\u00eda, que pretende -sin sustento probatorio conducente-, afectar o detener la candidatura de Gustavo Petro asoci\u00e1ndolo con un ejercicio inapropiado del cargo por parte del alcalde Quintero, quien ha dejado saber su simpat\u00eda por el candidato del Pacto Hist\u00f3rico, pero sin utilizar administrativamente su poder pol\u00edtico o los recursos p\u00fablicos a favor de Petro. <\/span><\/p>\n<p class=\"p1\"><span style=\"font-size: 14pt; font-family: tahoma, arial, helvetica, sans-serif;\">Por \u00faltimo, la decisi\u00f3n pol\u00edtica de la procuradora Cabello es un acto monumental de ingenuidad electoral, que allana el camino de Petro a la Casa de Nari\u00f1o. Ya no es un tema de representar las banderas del cambio, liderar las encuestas, los niveles de favorabilidad o la intenci\u00f3n de voto. Ahora el candidato Petro suma a su kit electoral su condici\u00f3n de v\u00edctima de la persecuci\u00f3n pol\u00edtica por la suspensi\u00f3n de su aliado Quintero.<\/span><\/p>\n<p class=\"p1\"><span style=\"font-size: 14pt; font-family: tahoma, arial, helvetica, sans-serif;\">En conclusi\u00f3n, a dos semanas de la primera vuelta presidencial la procuradora Cabello se convirti\u00f3 en la nueva mejor amiga de Petro, en condici\u00f3n de jefa de su campa\u00f1a electoral. <\/span><\/p>\n<p><span style=\"font-size: 14pt; font-family: tahoma, arial, helvetica, sans-serif;\"><strong>Jairo Libreros<\/strong>, panelista Hora20 de Caracol Radio: &#8220;<span class=\"css-901oao css-16my406 r-poiln3 r-bcqeeo r-qvutc0\">De nuevo la procuradora Cabello .. de<\/span><span class=\"css-901oao css-16my406 r-poiln3 r-bcqeeo r-qvutc0\"> manera inconstitucional se autodenomina juez penal y aparta a dos alcaldes de sus cargos por participaci\u00f3n en pol\u00edtica&#8221; (19.04.2022).<\/span><\/span><\/p>\n<blockquote hcb-fetch-image-from=\"https:\/\/twitter.com\/JairoLibreros\/status\/1527454013284831232?s=20&amp;t=JeZmVnN5Jp4G0LTYg0EKfg\" class=\"twitter-tweet\" data-width=\"550\" data-dnt=\"true\">\n<p lang=\"es\" dir=\"ltr\">De nuevo la procuradora Cabello <a href=\"https:\/\/twitter.com\/PGN_COL?ref_src=twsrc%5Etfw\">@PGN_COL<\/a> de manera inconstitucional se autodenomina juez penal y aparta a dos alcaldes de sus cargos por participaci\u00f3n en pol\u00edtica<a href=\"https:\/\/t.co\/EJbLpPEQKS\">https:\/\/t.co\/EJbLpPEQKS<\/a> <a href=\"https:\/\/t.co\/KaKpFM8V0V\">https:\/\/t.co\/KaKpFM8V0V<\/a><\/p>\n<p>&mdash; Jairo Libreros (@JairoLibreros) <a href=\"https:\/\/twitter.com\/JairoLibreros\/status\/1527454013284831232?ref_src=twsrc%5Etfw\">May 20, 2022<\/a><\/p><\/blockquote>\n<p><script async src=\"https:\/\/platform.twitter.com\/widgets.js\" charset=\"utf-8\"><\/script><\/p>\n<blockquote hcb-fetch-image-from=\"https:\/\/twitter.com\/CaracolRadio\/status\/1524361518879592449?s=20&amp;t=FMtLft-k-lZKCZ8ayySuqQ\" class=\"twitter-tweet\" data-width=\"550\" data-dnt=\"true\">\n<p lang=\"es\" dir=\"ltr\"><a href=\"https:\/\/twitter.com\/hashtag\/SoyLaVoz?src=hash&amp;ref_src=twsrc%5Etfw\">#SoyLaVoz<\/a> (<a href=\"https:\/\/twitter.com\/JairoLibreros?ref_src=twsrc%5Etfw\">@JairoLibreros<\/a>): \u201cde quienes rechazamos la decisi\u00f3n de la procuradora Margarita Cabello de suspender provisionalmente al alcalde Daniel Quintero\u201d<\/p>\n<p> <a href=\"https:\/\/twitter.com\/hashtag\/LoDeQuinteroEs?src=hash&amp;ref_src=twsrc%5Etfw\">#LoDeQuinteroEs<\/a> <a href=\"https:\/\/t.co\/sLT7h2FEel\">pic.twitter.com\/sLT7h2FEel<\/a><\/p>\n<p>&mdash; Caracol Radio (@CaracolRadio) <a href=\"https:\/\/twitter.com\/CaracolRadio\/status\/1524361518879592449?ref_src=twsrc%5Etfw\">May 11, 2022<\/a><\/p><\/blockquote>\n<p><script async src=\"https:\/\/platform.twitter.com\/widgets.js\" charset=\"utf-8\"><\/script><\/p>\n<blockquote hcb-fetch-image-from=\"https:\/\/twitter.com\/JairoLibreros\/status\/1524540407677337601?s=20&amp;t=FMtLft-k-lZKCZ8ayySuqQ\" class=\"twitter-tweet\" data-width=\"550\" data-dnt=\"true\">\n<p lang=\"es\" dir=\"ltr\">\u201cEn conclusi\u00f3n, a dos semanas de la primera vuelta presidencial, la procuradora Cabello se convirti\u00f3 en la nueva mejor amiga de Petro, en condici\u00f3n de jefa de su campa\u00f1a electoral\u201d, <a href=\"https:\/\/twitter.com\/JairoLibreros?ref_src=twsrc%5Etfw\">@JairoLibreros<\/a>\ud83d\udc47\ud83c\udffd <a href=\"https:\/\/t.co\/EvOMkV7wpI\">https:\/\/t.co\/EvOMkV7wpI<\/a> <a href=\"https:\/\/t.co\/A9Nee67baH\">pic.twitter.com\/A9Nee67baH<\/a><\/p>\n<p>&mdash; Jairo Libreros (@JairoLibreros) <a href=\"https:\/\/twitter.com\/JairoLibreros\/status\/1524540407677337601?ref_src=twsrc%5Etfw\">May 12, 2022<\/a><\/p><\/blockquote>\n<p><script async src=\"https:\/\/platform.twitter.com\/widgets.js\" charset=\"utf-8\"><\/script><\/p>\n","protected":false},"excerpt":{"rendered":"<p>Jairo Libreros es la voz de quienes rechazamos la decisi\u00f3n de la procuradora Margarita Cabello de suspender provisionalmente al alcalde Daniel Quintero #SoyLaVoz <\/p>\n","protected":false},"author":1,"featured_media":428,"comment_status":"open","ping_status":"open","sticky":false,"template":"","format":"standard","meta":{"om_disable_all_campaigns":false,"_monsterinsights_skip_tracking":false,"_monsterinsights_sitenote_active":false,"_monsterinsights_sitenote_note":"","_monsterinsights_sitenote_category":0,"footnotes":""},"categories":[94,1],"tags":[44,98],"aioseo_notices":[],"class_list":["post-478","post","type-post","status-publish","format-standard","has-post-thumbnail","hentry","category-caracol-radio","category-jairo-libreros","tag-elecciones","tag-derechos-humanos"],"_links":{"self":[{"href":"https:\/\/jairolibreros.com\/index.php?rest_route=\/wp\/v2\/posts\/478"}],"collection":[{"href":"https:\/\/jairolibreros.com\/index.php?rest_route=\/wp\/v2\/posts"}],"about":[{"href":"https:\/\/jairolibreros.com\/index.php?rest_route=\/wp\/v2\/types\/post"}],"author":[{"embeddable":true,"href":"https:\/\/jairolibreros.com\/index.php?rest_route=\/wp\/v2\/users\/1"}],"replies":[{"embeddable":true,"href":"https:\/\/jairolibreros.com\/index.php?rest_route=%2Fwp%2Fv2%2Fcomments&post=478"}],"version-history":[{"count":11,"href":"https:\/\/jairolibreros.com\/index.php?rest_route=\/wp\/v2\/posts\/478\/revisions"}],"predecessor-version":[{"id":4794,"href":"https:\/\/jairolibreros.com\/index.php?rest_route=\/wp\/v2\/posts\/478\/revisions\/4794"}],"wp:featuredmedia":[{"embeddable":true,"href":"https:\/\/jairolibreros.com\/index.php?rest_route=\/wp\/v2\/media\/428"}],"wp:attachment":[{"href":"https:\/\/jairolibreros.com\/index.php?rest_route=%2Fwp%2Fv2%2Fmedia&parent=478"}],"wp:term":[{"taxonomy":"category","embeddable":true,"href":"https:\/\/jairolibreros.com\/index.php?rest_route=%2Fwp%2Fv2%2Fcategories&post=478"},{"taxonomy":"post_tag","embeddable":true,"href":"https:\/\/jairolibreros.com\/index.php?rest_route=%2Fwp%2Fv2%2Ftags&post=478"}],"curies":[{"name":"wp","href":"https:\/\/api.w.org\/{rel}","templated":true}]}}