{"id":4809,"date":"2025-10-24T21:16:29","date_gmt":"2025-10-24T21:16:29","guid":{"rendered":"https:\/\/jairolibreros.com\/?p=4809"},"modified":"2025-10-25T12:40:04","modified_gmt":"2025-10-25T12:40:04","slug":"gustavo-petro-el-primer-presidente-colombiano-en-la-lista-clinton","status":"publish","type":"post","link":"https:\/\/jairolibreros.com\/?p=4809","title":{"rendered":"Gustavo Petro, el primer presidente colombiano en la Lista Clinton"},"content":{"rendered":"<p style=\"text-align: left;\"><span style=\"font-size: 14pt; font-family: tahoma, arial, helvetica, sans-serif;\"><strong>Gustavo Petro, el primer presidente colombiano en la Lista Clinton<\/strong><\/span><\/p>\n<p style=\"text-align: left;\"><span style=\"font-size: 14pt; font-family: tahoma, arial, helvetica, sans-serif;\"><em>El Tiempo Ernesto Cort\u00e9s, Martha Soto, Juan Lombo, Pedro Medell\u00edn \u00b7 24.10.2025<\/em><\/span><\/p>\n<figure id=\"attachment_4811\" aria-describedby=\"caption-attachment-4811\" style=\"width: 300px\" class=\"wp-caption alignleft\"><img decoding=\"async\" class=\"size-medium wp-image-4811\" src=\"https:\/\/jairolibreros.com\/wp-content\/uploads\/2025\/10\/IMG_2861-300x166.jpg\" alt=\"\" width=\"300\" height=\"166\" srcset=\"https:\/\/jairolibreros.com\/wp-content\/uploads\/2025\/10\/IMG_2861-300x166.jpg 300w, https:\/\/jairolibreros.com\/wp-content\/uploads\/2025\/10\/IMG_2861-768x426.jpg 768w, https:\/\/jairolibreros.com\/wp-content\/uploads\/2025\/10\/IMG_2861.jpg 828w\" sizes=\"(max-width: 300px) 100vw, 300px\" \/><figcaption id=\"caption-attachment-4811\" class=\"wp-caption-text\">Jairo Libreros. El Tiempo. 2025<\/figcaption><\/figure>\n<p>&nbsp;<\/p>\n<p>&nbsp;<\/p>\n<p>&nbsp;<\/p>\n<p>&nbsp;<\/p>\n<p>&nbsp;<\/p>\n<p style=\"text-align: left;\"><span style=\"font-size: 14pt; font-family: tahoma, arial, helvetica, sans-serif;\"><strong>Tambi\u00e9n aparecen su hijo Nicol\u00e1s, el ministro Armando Benedetti y la primera dama, Ver\u00f3nica Alcocer<\/strong><\/span><\/p>\n<figure id=\"attachment_4815\" aria-describedby=\"caption-attachment-4815\" style=\"width: 300px\" class=\"wp-caption alignleft\"><img fetchpriority=\"high\" decoding=\"async\" class=\"size-medium wp-image-4815\" src=\"https:\/\/jairolibreros.com\/wp-content\/uploads\/2025\/10\/IMG_2845-300x228.webp\" alt=\"\" width=\"300\" height=\"228\" srcset=\"https:\/\/jairolibreros.com\/wp-content\/uploads\/2025\/10\/IMG_2845-300x228.webp 300w, https:\/\/jairolibreros.com\/wp-content\/uploads\/2025\/10\/IMG_2845.webp 600w\" sizes=\"(max-width: 300px) 100vw, 300px\" \/><figcaption id=\"caption-attachment-4815\" class=\"wp-caption-text\">Presidente Gustavo Petro. Lista OFAC -Lista Clinton-. 2025<\/figcaption><\/figure>\n<p>&nbsp;<\/p>\n<p>&nbsp;<\/p>\n<p>&nbsp;<\/p>\n<p>&nbsp;<\/p>\n<p>&nbsp;<\/p>\n<p>&nbsp;<\/p>\n<p>&nbsp;<\/p>\n<p>&nbsp;<\/p>\n<p>&nbsp;<\/p>\n<p>&nbsp;<\/p>\n<p style=\"text-align: left;\"><span style=\"font-size: 14pt; font-family: tahoma, arial, helvetica, sans-serif;\">El link de El Tiempo:<\/span><\/p>\n<p><iframe hcb-fetch-image-from=\"https:\/\/www.youtube.com\/watch?v=iqhglTYDQ7A\" title=\"#EnVIVO: Gustavo Petro, el primer presidente colombiano en la Lista Clinton | El Tiempo\" width=\"640\" height=\"360\" src=\"https:\/\/www.youtube.com\/embed\/iqhglTYDQ7A?feature=oembed\" frameborder=\"0\" allow=\"accelerometer; autoplay; clipboard-write; encrypted-media; gyroscope; picture-in-picture; web-share\" referrerpolicy=\"strict-origin-when-cross-origin\" allowfullscreen><\/iframe><\/p>\n<p style=\"text-align: right;\"><span style=\"text-decoration: underline; font-size: 14pt; font-family: tahoma, arial, helvetica, sans-serif;\"><a href=\"https:\/\/jairolibreros.com\/\"><strong>Blog de Jairo Libreros<\/strong><\/a><\/span><\/p>\n","protected":false},"excerpt":{"rendered":"<p>Gustavo Petro, el primer presidente colombiano en la Lista Clinton El Tiempo Ernesto Cort\u00e9s, Martha Soto, Juan Lombo, Pedro Medell\u00edn \u00b7 24.10.2025 &nbsp; <\/p>\n","protected":false},"author":1,"featured_media":4534,"comment_status":"open","ping_status":"open","sticky":false,"template":"","format":"standard","meta":{"om_disable_all_campaigns":false,"_monsterinsights_skip_tracking":false,"_monsterinsights_sitenote_active":false,"_monsterinsights_sitenote_note":"","_monsterinsights_sitenote_category":0,"footnotes":""},"categories":[95,1],"tags":[54,64],"aioseo_notices":[],"class_list":["post-4809","post","type-post","status-publish","format-standard","has-post-thumbnail","hentry","category-el-tiempo","category-jairo-libreros","tag-comunicacion-politica","tag-politica-internacional"],"_links":{"self":[{"href":"https:\/\/jairolibreros.com\/index.php?rest_route=\/wp\/v2\/posts\/4809"}],"collection":[{"href":"https:\/\/jairolibreros.com\/index.php?rest_route=\/wp\/v2\/posts"}],"about":[{"href":"https:\/\/jairolibreros.com\/index.php?rest_route=\/wp\/v2\/types\/post"}],"author":[{"embeddable":true,"href":"https:\/\/jairolibreros.com\/index.php?rest_route=\/wp\/v2\/users\/1"}],"replies":[{"embeddable":true,"href":"https:\/\/jairolibreros.com\/index.php?rest_route=%2Fwp%2Fv2%2Fcomments&post=4809"}],"version-history":[{"count":13,"href":"https:\/\/jairolibreros.com\/index.php?rest_route=\/wp\/v2\/posts\/4809\/revisions"}],"predecessor-version":[{"id":4829,"href":"https:\/\/jairolibreros.com\/index.php?rest_route=\/wp\/v2\/posts\/4809\/revisions\/4829"}],"wp:featuredmedia":[{"embeddable":true,"href":"https:\/\/jairolibreros.com\/index.php?rest_route=\/wp\/v2\/media\/4534"}],"wp:attachment":[{"href":"https:\/\/jairolibreros.com\/index.php?rest_route=%2Fwp%2Fv2%2Fmedia&parent=4809"}],"wp:term":[{"taxonomy":"category","embeddable":true,"href":"https:\/\/jairolibreros.com\/index.php?rest_route=%2Fwp%2Fv2%2Fcategories&post=4809"},{"taxonomy":"post_tag","embeddable":true,"href":"https:\/\/jairolibreros.com\/index.php?rest_route=%2Fwp%2Fv2%2Ftags&post=4809"}],"curies":[{"name":"wp","href":"https:\/\/api.w.org\/{rel}","templated":true}]}}