{"id":4824,"date":"2025-10-26T10:26:49","date_gmt":"2025-10-26T10:26:49","guid":{"rendered":"https:\/\/jairolibreros.com\/?p=4824"},"modified":"2025-10-26T10:51:12","modified_gmt":"2025-10-26T10:51:12","slug":"absolucion-de-alvaro-uribe-velez-lo-deja-con-cancha-abierta-para-ser-protagonista-de-las-elecciones-presidenciales-y-legislativas-vuelve-al-senado","status":"publish","type":"post","link":"https:\/\/jairolibreros.com\/?p=4824","title":{"rendered":"Absoluci\u00f3n de \u00c1lvaro Uribe V\u00e9lez lo deja con cancha abierta para ser protagonista de las elecciones presidenciales y legislativas: \u00bfvuelve al Senado?"},"content":{"rendered":"<p><span style=\"font-family: tahoma, arial, helvetica, sans-serif; font-size: 14pt;\"><b>Absoluci\u00f3n de \u00c1lvaro Uribe V\u00e9lez lo deja con cancha abierta para ser protagonista de las elecciones presidenciales y legislativas: \u00bfvuelve al Senado?<\/b><\/span><\/p>\n<p><span style=\"font-family: tahoma, arial, helvetica, sans-serif; font-size: 14pt;\"><em>El Tiempo \u00b7 Mateo Garc\u00eda \u00b7 26.10.2025<\/em><\/span><\/p>\n<p class=\"p1\"><span class=\"s1\" style=\"font-family: tahoma, arial, helvetica, sans-serif; font-size: 14pt;\"><b>El exmandatario no solo recibe un aire para el proceso del Centro Democr\u00e1tico<\/b><\/span><\/p>\n<p class=\"p1\"><span style=\"font-family: tahoma, arial, helvetica, sans-serif; font-size: 14pt;\">&#8220;<em>C\u00f3mo en una de las entregas de la serie Matrix el expresidente \u00c1lvaro Uribe V\u00e9lez queda recargado. En t\u00e9rminos judiciales supera un escollo mayor con la sentencia del Tribunal de Bogot\u00e1, que en el fallo de segunda instancia lo absolvi\u00f3. Es una victoria judicial que propios y extra\u00f1os reconocen como decisiva en la coyuntura de inestabilidad que atraviesa el Gobierno Nacional, en medio de la confrontaci\u00f3n que cas\u00f3 el presidente Gustavo Petro con la Casa Blanca.<\/em><\/span><\/p>\n<p class=\"p1\"><span style=\"font-family: tahoma, arial, helvetica, sans-serif; font-size: 14pt;\"><em>Pol\u00edticamente, Uribe V\u00e9lez recuper\u00f3 su libertad de acci\u00f3n. De un lado, su influencia como l\u00edder natural del Centro Democr\u00e1tico se mantiene intacta y sin tacha judicial en este ciclo electoral, y sea quien fuere el escogido o escogida en la encuesta de noviembre lo llevar\u00e1 a una coalici\u00f3n de partidos para unificar en un solo candidato presidencial a la derecha colombiana en marzo de 2026; y del otro lado, le arrebat\u00f3 al senador y precandidato del Pacto Hist\u00f3rico Iv\u00e1n Cepeda el discurso de triunfo y de viabilidad presidencial que gan\u00f3 por el proceso y la condena de primera instancia.<\/em><\/span><\/p>\n<p class=\"p1\"><span style=\"font-family: tahoma, arial, helvetica, sans-serif; font-size: 14pt;\"><em>Y en el plano electoral, el expresidente Uribe se conect\u00f3 nuevamente con sus huestes de anta\u00f1o y captur\u00f3 la atenci\u00f3n de nuevos simpatizantes, quienes lo acompa\u00f1aran con su voto si incluye su nombre en una lista cerrada al Senado de la Rep\u00fablica, como una estrategia para asegurar una bancada mayoritaria en el Congreso del pr\u00f3ximo cuatrienio<\/em>&#8220;: <strong>Jairo Libreros<\/strong>.<\/span><\/p>\n<p><span style=\"font-family: tahoma, arial, helvetica, sans-serif; font-size: 14pt;\">El link de El Tiempo:<\/span><\/p>\n<p><span style=\"font-family: tahoma, arial, helvetica, sans-serif; font-size: 14pt;\"><span style=\"text-decoration: underline;\"><a href=\"https:\/\/www.eltiempo.com\/politica\/elecciones-colombia-2026\/absolucion-de-alvaro-uribe-velez-lo-deja-con-cancha-abierta-para-ser-protagonista-de-las-elecciones-presidenciales-y-legislativas-vuelve-al-senado-3503090\">https:\/\/www.eltiempo.com\/politica\/elecciones-colombia-2026\/absolucion-de-alvaro-uribe-velez-lo-deja-con-cancha-abierta-para-ser-protagonista-de-las-elecciones-presidenciales-y-legislativas-vuelve-al-senado-3503090<\/a><\/span>\u00a0<\/span><\/p>\n<p style=\"text-align: right;\"><span style=\"text-decoration: underline; font-family: tahoma, arial, helvetica, sans-serif; font-size: 14pt;\"><a href=\"https:\/\/jairolibreros.com\/\"><strong>Blog de Jairo Libreros<\/strong><\/a><\/span><\/p>\n","protected":false},"excerpt":{"rendered":"<p>Absoluci\u00f3n de \u00c1lvaro Uribe V\u00e9lez lo deja con cancha abierta para ser protagonista de las elecciones presidenciales y legislativas: \u00bfvuelve al Senado? El <\/p>\n","protected":false},"author":1,"featured_media":4671,"comment_status":"open","ping_status":"open","sticky":false,"template":"","format":"standard","meta":{"om_disable_all_campaigns":false,"_monsterinsights_skip_tracking":false,"_monsterinsights_sitenote_active":false,"_monsterinsights_sitenote_note":"","_monsterinsights_sitenote_category":0,"footnotes":""},"categories":[95,1],"tags":[44,54],"aioseo_notices":[],"class_list":["post-4824","post","type-post","status-publish","format-standard","has-post-thumbnail","hentry","category-el-tiempo","category-jairo-libreros","tag-elecciones","tag-comunicacion-politica"],"_links":{"self":[{"href":"https:\/\/jairolibreros.com\/index.php?rest_route=\/wp\/v2\/posts\/4824"}],"collection":[{"href":"https:\/\/jairolibreros.com\/index.php?rest_route=\/wp\/v2\/posts"}],"about":[{"href":"https:\/\/jairolibreros.com\/index.php?rest_route=\/wp\/v2\/types\/post"}],"author":[{"embeddable":true,"href":"https:\/\/jairolibreros.com\/index.php?rest_route=\/wp\/v2\/users\/1"}],"replies":[{"embeddable":true,"href":"https:\/\/jairolibreros.com\/index.php?rest_route=%2Fwp%2Fv2%2Fcomments&post=4824"}],"version-history":[{"count":2,"href":"https:\/\/jairolibreros.com\/index.php?rest_route=\/wp\/v2\/posts\/4824\/revisions"}],"predecessor-version":[{"id":4832,"href":"https:\/\/jairolibreros.com\/index.php?rest_route=\/wp\/v2\/posts\/4824\/revisions\/4832"}],"wp:featuredmedia":[{"embeddable":true,"href":"https:\/\/jairolibreros.com\/index.php?rest_route=\/wp\/v2\/media\/4671"}],"wp:attachment":[{"href":"https:\/\/jairolibreros.com\/index.php?rest_route=%2Fwp%2Fv2%2Fmedia&parent=4824"}],"wp:term":[{"taxonomy":"category","embeddable":true,"href":"https:\/\/jairolibreros.com\/index.php?rest_route=%2Fwp%2Fv2%2Fcategories&post=4824"},{"taxonomy":"post_tag","embeddable":true,"href":"https:\/\/jairolibreros.com\/index.php?rest_route=%2Fwp%2Fv2%2Ftags&post=4824"}],"curies":[{"name":"wp","href":"https:\/\/api.w.org\/{rel}","templated":true}]}}