{"id":4826,"date":"2025-10-25T12:38:40","date_gmt":"2025-10-25T12:38:40","guid":{"rendered":"https:\/\/jairolibreros.com\/?p=4826"},"modified":"2025-10-26T12:18:31","modified_gmt":"2025-10-26T12:18:31","slug":"analisis-del-discurso-del-presidente-petro-desde-la-plaza-de-bolivar","status":"publish","type":"post","link":"https:\/\/jairolibreros.com\/?p=4826","title":{"rendered":"An\u00e1lisis del discurso del presidente\u00a0Petro  desde la Plaza de Bol\u00edvar"},"content":{"rendered":"<p><span style=\"font-family: tahoma, arial, helvetica, sans-serif; font-size: 14pt;\"><strong>An\u00e1lisis del discurso del presidente\u00a0Petro desde la Plaza de Bol\u00edvar<\/strong><\/span><\/p>\n<p><span style=\"font-family: tahoma, arial, helvetica, sans-serif; font-size: 14pt;\"><em>El Tiempo \u00b7 Ernesto Cort\u00e9s, Martha Soto, John Torres \u00b7 25.10.2025<\/em><\/span><\/p>\n<figure id=\"attachment_4830\" aria-describedby=\"caption-attachment-4830\" style=\"width: 300px\" class=\"wp-caption aligncenter\"><img decoding=\"async\" class=\"size-medium wp-image-4830\" src=\"https:\/\/jairolibreros.com\/wp-content\/uploads\/2025\/10\/IMG_2868-300x162.jpeg\" alt=\"\" width=\"300\" height=\"162\" srcset=\"https:\/\/jairolibreros.com\/wp-content\/uploads\/2025\/10\/IMG_2868-300x162.jpeg 300w, https:\/\/jairolibreros.com\/wp-content\/uploads\/2025\/10\/IMG_2868-768x414.jpeg 768w, https:\/\/jairolibreros.com\/wp-content\/uploads\/2025\/10\/IMG_2868.jpeg 827w\" sizes=\"(max-width: 300px) 100vw, 300px\" \/><figcaption id=\"caption-attachment-4830\" class=\"wp-caption-text\"><\/span> <span style=\"font-family: tahoma, arial, helvetica, sans-serif; font-size: 14pt;\">Jairo Libreros. El Tiempo. 2025<\/span><\/figcaption><\/figure>\n<p><span style=\"font-family: tahoma, arial, helvetica, sans-serif; font-size: 14pt;\">\u201c<i>En abierta campa\u00f1a para el 2026, advierte el polit\u00f3logo Jairo Libreros, existe el riesgo de que el presidente Petro opte por tensionar a\u00fan m\u00e1s las relaciones con Estados Unidos, buscando r\u00e9ditos pol\u00edticos internos y poniendo en riesgo los intereses del pa\u00eds<\/i>\u201d: <b>Jairo Libreros<\/b>.<\/span><\/p>\n<p><iframe hcb-fetch-image-from=\"https:\/\/www.youtube.com\/watch?v=hWJ5QZhmkkU\" title=\"An\u00e1lisis del discurso del presidente #Petro desde la Plaza de Bol\u00edvar | El Tiempo\" width=\"640\" height=\"360\" src=\"https:\/\/www.youtube.com\/embed\/hWJ5QZhmkkU?feature=oembed\" frameborder=\"0\" allow=\"accelerometer; autoplay; clipboard-write; encrypted-media; gyroscope; picture-in-picture; web-share\" referrerpolicy=\"strict-origin-when-cross-origin\" allowfullscreen><\/iframe><\/p>\n<p><span style=\"font-family: tahoma, arial, helvetica, sans-serif; font-size: 14pt;\">El link de El Tiempo:<\/span><\/p>\n<p><span style=\"font-family: tahoma, arial, helvetica, sans-serif; font-size: 14pt;\"><span style=\"text-decoration: underline;\"><a href=\"https:\/\/www.eltiempo.com\/politica\/gobierno\/gustavo-petro-en-lista-clinton-lo-que-viene-para-colombia-ante-la-peor-tension-con-estados-unidos-3503105\">https:\/\/www.eltiempo.com\/politica\/gobierno\/gustavo-petro-en-lista-clinton-lo-que-viene-para-colombia-ante-la-peor-tension-con-estados-unidos-3503105<\/a><\/span>\u00a0<\/span><\/p>\n<p style=\"text-align: right;\"><span style=\"text-decoration: underline; font-family: tahoma, arial, helvetica, sans-serif; font-size: 14pt;\"><a href=\"https:\/\/jairolibreros.com\/\"><strong>Blog de Jairo Libreros<\/strong><\/a><\/span><\/p>\n","protected":false},"excerpt":{"rendered":"<p>An\u00e1lisis del discurso del presidente\u00a0Petro desde la Plaza de Bol\u00edvar El Tiempo \u00b7 Ernesto Cort\u00e9s, Martha Soto, John Torres \u00b7 25.10.2025 \u201cEn abierta <\/p>\n","protected":false},"author":1,"featured_media":4535,"comment_status":"open","ping_status":"open","sticky":false,"template":"","format":"standard","meta":{"om_disable_all_campaigns":false,"_monsterinsights_skip_tracking":false,"_monsterinsights_sitenote_active":false,"_monsterinsights_sitenote_note":"","_monsterinsights_sitenote_category":0,"footnotes":""},"categories":[95,1],"tags":[44,54,64],"aioseo_notices":[],"class_list":["post-4826","post","type-post","status-publish","format-standard","has-post-thumbnail","hentry","category-el-tiempo","category-jairo-libreros","tag-elecciones","tag-comunicacion-politica","tag-politica-internacional"],"_links":{"self":[{"href":"https:\/\/jairolibreros.com\/index.php?rest_route=\/wp\/v2\/posts\/4826"}],"collection":[{"href":"https:\/\/jairolibreros.com\/index.php?rest_route=\/wp\/v2\/posts"}],"about":[{"href":"https:\/\/jairolibreros.com\/index.php?rest_route=\/wp\/v2\/types\/post"}],"author":[{"embeddable":true,"href":"https:\/\/jairolibreros.com\/index.php?rest_route=\/wp\/v2\/users\/1"}],"replies":[{"embeddable":true,"href":"https:\/\/jairolibreros.com\/index.php?rest_route=%2Fwp%2Fv2%2Fcomments&post=4826"}],"version-history":[{"count":5,"href":"https:\/\/jairolibreros.com\/index.php?rest_route=\/wp\/v2\/posts\/4826\/revisions"}],"predecessor-version":[{"id":4834,"href":"https:\/\/jairolibreros.com\/index.php?rest_route=\/wp\/v2\/posts\/4826\/revisions\/4834"}],"wp:featuredmedia":[{"embeddable":true,"href":"https:\/\/jairolibreros.com\/index.php?rest_route=\/wp\/v2\/media\/4535"}],"wp:attachment":[{"href":"https:\/\/jairolibreros.com\/index.php?rest_route=%2Fwp%2Fv2%2Fmedia&parent=4826"}],"wp:term":[{"taxonomy":"category","embeddable":true,"href":"https:\/\/jairolibreros.com\/index.php?rest_route=%2Fwp%2Fv2%2Fcategories&post=4826"},{"taxonomy":"post_tag","embeddable":true,"href":"https:\/\/jairolibreros.com\/index.php?rest_route=%2Fwp%2Fv2%2Ftags&post=4826"}],"curies":[{"name":"wp","href":"https:\/\/api.w.org\/{rel}","templated":true}]}}