{"id":4865,"date":"2026-01-21T01:42:15","date_gmt":"2026-01-21T01:42:15","guid":{"rendered":"https:\/\/jairolibreros.com\/?p=4865"},"modified":"2026-01-21T01:57:52","modified_gmt":"2026-01-21T01:57:52","slug":"las-dudas-detras-del-crimen-de-funcionario-de-la-procuraduria-que-estremece-a-bogota","status":"publish","type":"post","link":"https:\/\/jairolibreros.com\/?p=4865","title":{"rendered":"Las dudas detr\u00e1s del crimen de funcionario de la Procuradur\u00eda que estremece a Bogot\u00e1"},"content":{"rendered":"<p class=\"p1\"><span class=\"s1\" style=\"font-size: 14pt; font-family: tahoma, arial, helvetica, sans-serif;\"><b>Las dudas detr\u00e1s del crimen de funcionario de la Procuradur\u00eda que estremece a Bogot\u00e1<\/b><\/span><\/p>\n<p><span style=\"font-size: 14pt; font-family: tahoma, arial, helvetica, sans-serif;\"><em>El Espectador \u2022 Mar\u00eda Ang\u00e9lica Garc\u00eda \u2022 20.01.2026<\/em><\/span><\/p>\n<p class=\"p3\" style=\"text-align: center;\"><span class=\"s2\" style=\"font-size: 14pt; font-family: tahoma, arial, helvetica, sans-serif;\">Neill Felipe Cubides era un destacado investigador y catedr\u00e1tico de la Universidad Externado. Ahora su familia y amigos claman justicia, mientras funcionarios de la Procuradur\u00eda creen que no se trat\u00f3 de un simple caso de paseo millonario<\/span><\/p>\n<p class=\"p1\"><span class=\"s1\" style=\"font-size: 14pt; font-family: tahoma, arial, helvetica, sans-serif;\"><strong>Las autoridades han dado golpes a bandas delincuenciales dedicadas al paseo millonario y, por ende, conocen las zonas donde m\u00e1s se reporta este delito, \u00bfpero por qu\u00e9 se repiten los casos a pesar de este mapeo?<\/strong> <\/span><\/p>\n<p class=\"p1\"><span class=\"s1\" style=\"font-size: 14pt; font-family: tahoma, arial, helvetica, sans-serif;\">La prevenci\u00f3n situacional del crimen, la violencia y la conflictividad est\u00e1 compuesta por una serie de acciones disuasivas que le permiten a las autoridades administrativas, policiales y judiciales fortalecer su capacidad de anticipaci\u00f3n y de respuesta institucional. Pero esas acciones disuasivas -mapas criminales, georeferenciaci\u00f3n, focalizaci\u00f3n, etc.- no son suficientes para contener la comisi\u00f3n de delitos y de comportamientos contrarios a la convivencia. Sin un sistema de videovigilancia, inteligencia policial, patrullajes del espacio p\u00fablico y operaciones judiciales de desmantelamientos de bandas delictivas la prevenci\u00f3n situacional se convierte en un saludo a la bandera. Es un ejercicio se suma cero, que entienden los grupos criminales e incorporan a su balance al momento de analizar la realizaci\u00f3n de actos delictivos. <\/span><\/p>\n<p class=\"p1\"><span style=\"font-size: 14pt; font-family: tahoma, arial, helvetica, sans-serif;\"><strong><span class=\"s1\">Es usual que en casos de paseo millonario, \u00bfla v\u00edctima termine incinerada? \u00bfNo inferir\u00eda esto otro m\u00f3vil del delito? \u00bfO quiere mandar alg\u00fan mensaje los homicidas?<\/span><\/strong><\/span><\/p>\n<p class=\"p1\"><span class=\"s1\" style=\"font-size: 14pt; font-family: tahoma, arial, helvetica, sans-serif;\">Todos los casos de an\u00e1lisis delictivo son diferentes, y esta tragedia que enluta a la familia del profesor Cubides, a los bogotanos y a nuestra comunidad externadista requiere de mayores datos que medi\u00e1ticamente desconocen. Sin embargo, de los patrones criminales que se han identificado en Bogot\u00e1, as\u00ed como en otras ciudades con alto \u00edndice delictivo, es claro que la consolidaci\u00f3n de las bandas criminales se puede determinar por los niveles de cobertura que despliegan para borrar evidencias incriminatorias en procura de impunidad. Ahora, no es usual ni una practica ordinaria en Bogot\u00e1 la incineraci\u00f3n de una v\u00edctima de paseo millonario. Por ello, con la informaci\u00f3n p\u00fablica que conocemos, podr\u00edamos inferir que es un mensaje intimidatorio y de capacidades violentas que la banda criminal le env\u00eda a algunos de sus propios integrantes y a otros pares del escenario criminal en Bogot\u00e1.<\/span><\/p>\n<p class=\"p1\"><span style=\"font-size: 14pt; font-family: tahoma, arial, helvetica, sans-serif;\"><strong><span class=\"s1\">Una de las medidas para contrarrestar este delito fue tipificarlo ahora como secuestro extorsivo, pero \u00bfes suficiente? \u00bfQu\u00e9 hace falta por reducirlo y brindar seguridad a la ciudadan\u00eda?<\/span><\/strong><\/span><\/p>\n<p class=\"p1\"><span class=\"s1\" style=\"font-size: 14pt; font-family: tahoma, arial, helvetica, sans-serif;\">En Bogot\u00e1 los diagn\u00f3sticos operacionales en seguridad ciudadana son conocidos. Tenemos problemas de coordinaci\u00f3n interinstitucional entre la Alcald\u00eda Distrital, la Polic\u00eda Metropolitana, el aparato de justicia y otros organismos de seguridad. Igualmente, el pie de fuerza policial es insuficiente para atender la vigilancia del espacio p\u00fablico, las tareas de policia judicial y las operaciones de inteligencia. Y por \u00faltimo, los niveles de confianza entre los ciudadanos y las autoridades no son los mejores, y sin ese capital social la informaci\u00f3n no fluye, los datos no llegan a tiempo y la inteligencia policial no logra anticipar escenarios criminales ni la composici\u00f3n y alcances de las bandas delictivas, lo cual en \u00faltima instancia limita el trabajo de polic\u00eda judicial necesario para la judicializaci\u00f3n de las organizaciones del crimen y la individualizaci\u00f3n de los autores.<\/span><\/p>\n<p><span style=\"font-size: 14pt; font-family: tahoma, arial, helvetica, sans-serif;\">El link de El Espectador es el siguiente:<\/span><\/p>\n<p><span style=\"text-decoration: underline; font-size: 14pt; font-family: tahoma, arial, helvetica, sans-serif;\"><a href=\"https:\/\/www.elespectador.com\/bogota\/las-dudas-detras-del-crimen-de-funcionario-de-la-procuraduria-que-estremece-a-bogota\/\">https:\/\/www.elespectador.com\/bogota\/las-dudas-detras-del-crimen-de-funcionario-de-la-procuraduria-que-estremece-a-bogota\/<\/a><\/span><\/p>\n<p style=\"text-align: right;\"><span style=\"font-size: 14pt; font-family: tahoma, arial, helvetica, sans-serif;\"><a href=\"https:\/\/jairolibreros.com\/\"><strong><span style=\"text-decoration: underline;\">Blog de Jairo Libreros<\/span><\/strong><\/a><\/span><\/p>\n","protected":false},"excerpt":{"rendered":"<p>Las dudas detr\u00e1s del crimen de funcionario de la Procuradur\u00eda que estremece a Bogot\u00e1 El Espectador \u2022 Mar\u00eda Ang\u00e9lica Garc\u00eda \u2022 20.01.2026 Neill <\/p>\n","protected":false},"author":1,"featured_media":4530,"comment_status":"open","ping_status":"open","sticky":false,"template":"","format":"standard","meta":{"om_disable_all_campaigns":false,"_monsterinsights_skip_tracking":false,"_monsterinsights_sitenote_active":false,"_monsterinsights_sitenote_note":"","_monsterinsights_sitenote_category":0,"footnotes":""},"categories":[1,96],"tags":[53,39],"aioseo_notices":[],"class_list":["post-4865","post","type-post","status-publish","format-standard","has-post-thumbnail","hentry","category-jairo-libreros","category-universidad-externado","tag-politicas-publicas","tag-seguridad-ciudadana"],"_links":{"self":[{"href":"https:\/\/jairolibreros.com\/index.php?rest_route=\/wp\/v2\/posts\/4865"}],"collection":[{"href":"https:\/\/jairolibreros.com\/index.php?rest_route=\/wp\/v2\/posts"}],"about":[{"href":"https:\/\/jairolibreros.com\/index.php?rest_route=\/wp\/v2\/types\/post"}],"author":[{"embeddable":true,"href":"https:\/\/jairolibreros.com\/index.php?rest_route=\/wp\/v2\/users\/1"}],"replies":[{"embeddable":true,"href":"https:\/\/jairolibreros.com\/index.php?rest_route=%2Fwp%2Fv2%2Fcomments&post=4865"}],"version-history":[{"count":1,"href":"https:\/\/jairolibreros.com\/index.php?rest_route=\/wp\/v2\/posts\/4865\/revisions"}],"predecessor-version":[{"id":4866,"href":"https:\/\/jairolibreros.com\/index.php?rest_route=\/wp\/v2\/posts\/4865\/revisions\/4866"}],"wp:featuredmedia":[{"embeddable":true,"href":"https:\/\/jairolibreros.com\/index.php?rest_route=\/wp\/v2\/media\/4530"}],"wp:attachment":[{"href":"https:\/\/jairolibreros.com\/index.php?rest_route=%2Fwp%2Fv2%2Fmedia&parent=4865"}],"wp:term":[{"taxonomy":"category","embeddable":true,"href":"https:\/\/jairolibreros.com\/index.php?rest_route=%2Fwp%2Fv2%2Fcategories&post=4865"},{"taxonomy":"post_tag","embeddable":true,"href":"https:\/\/jairolibreros.com\/index.php?rest_route=%2Fwp%2Fv2%2Ftags&post=4865"}],"curies":[{"name":"wp","href":"https:\/\/api.w.org\/{rel}","templated":true}]}}