{"id":4867,"date":"2026-01-21T01:54:39","date_gmt":"2026-01-21T01:54:39","guid":{"rendered":"https:\/\/jairolibreros.com\/?p=4867"},"modified":"2026-01-21T19:48:43","modified_gmt":"2026-01-21T19:48:43","slug":"soy-la-voz-de-quienes-rechazamos-el-entrampamiento-de-las-antiguas-farc-al-acuerdo-de-paz-del-teatro-colon","status":"publish","type":"post","link":"https:\/\/jairolibreros.com\/?p=4867","title":{"rendered":"Soy la voz de quienes rechazamos el entrampamiento de las antiguas FARC al Acuerdo de Paz del Teatro Col\u00f3n"},"content":{"rendered":"<p><span style=\"font-size: 14pt; font-family: tahoma, arial, helvetica, sans-serif;\"><strong>Soy la voz de quienes rechazamos el entrampamiento de las antiguas FARC al Acuerdo de Paz del Teatro Col\u00f3n<\/strong><\/span><\/p>\n<p><span style=\"font-size: 14pt; font-family: tahoma, arial, helvetica, sans-serif;\"><i><a class=\"css-4rbku5 css-18t94o4 css-901oao css-16my406 r-1cvl2hr r-1loqt21 r-poiln3 r-bcqeeo r-1ny4l3l r-1ddef8g r-tjvw6i r-qvutc0\" dir=\"ltr\" role=\"link\" href=\"https:\/\/twitter.com\/hashtag\/SoyLaVoz?src=hashtag_click\">#SoyLaVoz<\/a> \u00b7 La Luci\u00e9rnaga \u00b7 Caracol Radio \u00b7 20.01.2026<\/i><\/span><\/p>\n<!--[if lt IE 9]><script>document.createElement('audio');<\/script><![endif]-->\n<audio class=\"wp-audio-shortcode\" id=\"audio-4867-1\" preload=\"none\" style=\"width: 100%;\" controls=\"controls\"><source type=\"audio\/mpeg\" src=\"https:\/\/jairolibreros.com\/wp-content\/uploads\/2026\/01\/AUDIO-2026-01-20-19-39-11.mp3?_=1\" \/><a href=\"https:\/\/jairolibreros.com\/wp-content\/uploads\/2026\/01\/AUDIO-2026-01-20-19-39-11.mp3\">https:\/\/jairolibreros.com\/wp-content\/uploads\/2026\/01\/AUDIO-2026-01-20-19-39-11.mp3<\/a><\/audio>\n<p>&nbsp;<\/p>\n<p class=\"p1\"><span style=\"font-size: 14pt; font-family: tahoma, arial, helvetica, sans-serif;\"><span class=\"s1\">Hola, les habla <\/span><span class=\"s2\"><b>Jairo Libreros<\/b><\/span><span class=\"s1\"><b>, profesor de la Universidad Externado de Colombia<\/b>, y soy la voz de quienes rechazamos el entrampamiento de las antiguas FARC al Acuerdo de Paz del Teatro Col\u00f3n.<\/span><\/span><\/p>\n<p class=\"p1\"><span style=\"font-size: 14pt; font-family: tahoma, arial, helvetica, sans-serif;\"><span class=\"s1\">El acuerdo hace agua por doquier. Seg\u00fan INDEPAZ, en Colombia el a\u00f1o pasado fueron asesinados 187 l\u00edderes sociales y 39 firmantes del Acuerdo. La Fundaci\u00f3n <\/span><span class=\"s1\">Ideas para la Paz calcula que las estructuras criminales est\u00e1n compuestas por m\u00e1s de 25 mil integrantes. Y la Defensor\u00eda del Pueblo afirm\u00f3 que las disidencias de las FARC hacen presencia en 237 municipios del pa\u00eds.<\/span><\/span><\/p>\n<p class=\"p1\"><span class=\"s1\" style=\"font-size: 14pt; font-family: tahoma, arial, helvetica, sans-serif;\">Y la implementaci\u00f3n del Acuerdo es un verdadero desastre. Los esc\u00e1ndalos por malos manejos, las criticas de las v\u00edctimas y la falta de presupuesto para cumplir los fallos de la justicia transicional palidecen con el entrampamiento, por no decir p\u00e9rfida, de los viejos camaradas de las FARC con los colombianos.<\/span><\/p>\n<p class=\"p1\"><span class=\"s1\" style=\"font-size: 14pt; font-family: tahoma, arial, helvetica, sans-serif;\">El 24 de noviembre de 2016, los comandantes de las FARC se comprometieron a entregar 450 mil d\u00f3lares para reparar a las v\u00edctimas de los delitos atroces que cometieron en el conflicto armado. Hoy la Contralor\u00eda fue clara: las FARC no le cumplieron al pa\u00eds. Esa platica no existe.<\/span><\/p>\n<p class=\"p1\"><span class=\"s1\" style=\"font-size: 14pt; font-family: tahoma, arial, helvetica, sans-serif;\">En conclusi\u00f3n, el eslogan de una paz estable y duradera es una frase de caj\u00f3n. El Estado hizo la tarea a medias, y las antiguas FARC guardan un silencio c\u00f3mplice.<\/span><\/p>\n<p style=\"text-align: right;\"><span style=\"text-decoration: underline; font-size: 14pt; font-family: tahoma, arial, helvetica, sans-serif;\"><a href=\"https:\/\/jairolibreros.com\/\"><strong>Blog de Jairo Libreros<\/strong><\/a><\/span><\/p>\n","protected":false},"excerpt":{"rendered":"<p>Soy la voz de quienes rechazamos el entrampamiento de las antiguas FARC al Acuerdo de Paz del Teatro Col\u00f3n #SoyLaVoz \u00b7 La Luci\u00e9rnaga <\/p>\n","protected":false},"author":1,"featured_media":428,"comment_status":"open","ping_status":"open","sticky":false,"template":"","format":"standard","meta":{"om_disable_all_campaigns":false,"_monsterinsights_skip_tracking":false,"_monsterinsights_sitenote_active":false,"_monsterinsights_sitenote_note":"","_monsterinsights_sitenote_category":0,"footnotes":""},"categories":[94,1],"tags":[54,98,53],"aioseo_notices":[],"class_list":["post-4867","post","type-post","status-publish","format-standard","has-post-thumbnail","hentry","category-caracol-radio","category-jairo-libreros","tag-comunicacion-politica","tag-derechos-humanos","tag-politicas-publicas"],"_links":{"self":[{"href":"https:\/\/jairolibreros.com\/index.php?rest_route=\/wp\/v2\/posts\/4867"}],"collection":[{"href":"https:\/\/jairolibreros.com\/index.php?rest_route=\/wp\/v2\/posts"}],"about":[{"href":"https:\/\/jairolibreros.com\/index.php?rest_route=\/wp\/v2\/types\/post"}],"author":[{"embeddable":true,"href":"https:\/\/jairolibreros.com\/index.php?rest_route=\/wp\/v2\/users\/1"}],"replies":[{"embeddable":true,"href":"https:\/\/jairolibreros.com\/index.php?rest_route=%2Fwp%2Fv2%2Fcomments&post=4867"}],"version-history":[{"count":1,"href":"https:\/\/jairolibreros.com\/index.php?rest_route=\/wp\/v2\/posts\/4867\/revisions"}],"predecessor-version":[{"id":4869,"href":"https:\/\/jairolibreros.com\/index.php?rest_route=\/wp\/v2\/posts\/4867\/revisions\/4869"}],"wp:featuredmedia":[{"embeddable":true,"href":"https:\/\/jairolibreros.com\/index.php?rest_route=\/wp\/v2\/media\/428"}],"wp:attachment":[{"href":"https:\/\/jairolibreros.com\/index.php?rest_route=%2Fwp%2Fv2%2Fmedia&parent=4867"}],"wp:term":[{"taxonomy":"category","embeddable":true,"href":"https:\/\/jairolibreros.com\/index.php?rest_route=%2Fwp%2Fv2%2Fcategories&post=4867"},{"taxonomy":"post_tag","embeddable":true,"href":"https:\/\/jairolibreros.com\/index.php?rest_route=%2Fwp%2Fv2%2Ftags&post=4867"}],"curies":[{"name":"wp","href":"https:\/\/api.w.org\/{rel}","templated":true}]}}