{"id":4872,"date":"2026-01-18T02:17:51","date_gmt":"2026-01-18T02:17:51","guid":{"rendered":"https:\/\/jairolibreros.com\/?p=4872"},"modified":"2026-01-21T12:13:03","modified_gmt":"2026-01-21T12:13:03","slug":"4872","status":"publish","type":"post","link":"https:\/\/jairolibreros.com\/?p=4872","title":{"rendered":"Impotencia del Estado ante las guerras aparte de las guerrillas"},"content":{"rendered":"<p class=\"p1\"><span class=\"s1\" style=\"font-size: 14pt; font-family: tahoma, arial, helvetica, sans-serif;\"><b>Impotencia del Estado ante las guerras aparte de las guerrillas<\/b><\/span><\/p>\n<p><span class=\"s1\" style=\"font-size: 14pt; font-family: tahoma, arial, helvetica, sans-serif;\"><i>El Nuevo Siglo \u2022 Gabriel Cubillos \u2022 18.01.2026<\/i><\/span><\/p>\n<p class=\"p1\" style=\"text-align: center;\"><span class=\"s1\" style=\"font-size: 14pt; font-family: tahoma, arial, helvetica, sans-serif;\">Se trata de un nuevo fen\u00f3meno en el conflicto en el pa\u00eds, pues los grupos armados en medio de la poblaci\u00f3n se enfrentan a sangre y fuego por las econom\u00edas ilegales en regiones espec\u00edficas. Las Fuerzas Armadas no han podido controlar completamente los focos que se presentan<\/span><\/p>\n<p class=\"p1\"><span style=\"font-size: 14pt; font-family: tahoma, arial, helvetica, sans-serif;\"><span class=\"s1\">El <\/span><span class=\"s2\"><b>analista y experto en seguridad Jairo Libreros<\/b><\/span><span class=\"s1\"> dijo a este Medio que &#8220;la paz total como pol\u00edtica p\u00fablica del Estado, no solamente cedi\u00f3 y entreg\u00f3 territorios a las estructuras criminales, sino que dej\u00f3 de oficiar como un \u00e1rbitro que se encargue de garantizar la vida e integridad\u00a0de los ciudadanos&#8221;. Sostuvo que la paz total &#8220;termin\u00f3 siendo un mecanismo\u00a0que renunci\u00f3 a garantizar la seguridad ciudadana&#8221;.<\/span><\/span><\/p>\n<p class=\"p1\"><span class=\"s1\" style=\"font-size: 14pt; font-family: tahoma, arial, helvetica, sans-serif;\">Consider\u00f3 que, en regiones como Catatumbo y Guaviare, \u201cnos encontramos en una situaci\u00f3n que a futuro va a ser mucho m\u00e1s delicada, se est\u00e1n redefiniendo las reglas de juego pol\u00edticas, humanas, sociales y econ\u00f3micas. Y el Estado es simplemente un observador que ha sido incapaz mediante la Fuerza P\u00fablica, la regulaci\u00f3n administrativa y la participaci\u00f3n ciudadana de garantizar la vigencia del estado social de derecho\u201d.<\/span><\/p>\n<p><span style=\"font-size: 14pt; font-family: tahoma, arial, helvetica, sans-serif;\">El link de El Nuevo Siglo es el siguiente:<\/span><\/p>\n<p><span style=\"text-decoration: underline; font-size: 14pt; font-family: tahoma, arial, helvetica, sans-serif;\"><a href=\"https:\/\/www.elnuevosiglo.com.co\/politica\/impotencia-del-estado-ante-las-guerras-aparte-de-las-guerrillas\">https:\/\/www.elnuevosiglo.com.co\/politica\/impotencia-del-estado-ante-las-guerras-aparte-de-las-guerrillas<\/a><\/span><\/p>\n<div class=\"entry-content\">\n<div class=\"twp-article-wrapper clearfix\">\n<p style=\"text-align: right;\"><span style=\"font-size: 14pt; font-family: tahoma, arial, helvetica, sans-serif;\"><strong><a href=\"https:\/\/jairolibreros.com\/\"><span style=\"text-decoration: underline;\">Blog de Jairo Libreros<\/span><\/a><\/strong><\/span><\/p>\n<\/div>\n<\/div>\n","protected":false},"excerpt":{"rendered":"<p>Impotencia del Estado ante las guerras aparte de las guerrillas El Nuevo Siglo \u2022 Gabriel Cubillos \u2022 18.01.2026 Se trata de un nuevo <\/p>\n","protected":false},"author":1,"featured_media":4534,"comment_status":"open","ping_status":"open","sticky":false,"template":"","format":"standard","meta":{"om_disable_all_campaigns":false,"_monsterinsights_skip_tracking":false,"_monsterinsights_sitenote_active":false,"_monsterinsights_sitenote_note":"","_monsterinsights_sitenote_category":0,"footnotes":""},"categories":[1,96],"tags":[54,90,97,39],"aioseo_notices":[],"class_list":["post-4872","post","type-post","status-publish","format-standard","has-post-thumbnail","hentry","category-jairo-libreros","category-universidad-externado","tag-comunicacion-politica","tag-seguridad-y-defensa-nacional","tag-inteligencia-estrategica","tag-seguridad-ciudadana"],"_links":{"self":[{"href":"https:\/\/jairolibreros.com\/index.php?rest_route=\/wp\/v2\/posts\/4872"}],"collection":[{"href":"https:\/\/jairolibreros.com\/index.php?rest_route=\/wp\/v2\/posts"}],"about":[{"href":"https:\/\/jairolibreros.com\/index.php?rest_route=\/wp\/v2\/types\/post"}],"author":[{"embeddable":true,"href":"https:\/\/jairolibreros.com\/index.php?rest_route=\/wp\/v2\/users\/1"}],"replies":[{"embeddable":true,"href":"https:\/\/jairolibreros.com\/index.php?rest_route=%2Fwp%2Fv2%2Fcomments&post=4872"}],"version-history":[{"count":3,"href":"https:\/\/jairolibreros.com\/index.php?rest_route=\/wp\/v2\/posts\/4872\/revisions"}],"predecessor-version":[{"id":4875,"href":"https:\/\/jairolibreros.com\/index.php?rest_route=\/wp\/v2\/posts\/4872\/revisions\/4875"}],"wp:featuredmedia":[{"embeddable":true,"href":"https:\/\/jairolibreros.com\/index.php?rest_route=\/wp\/v2\/media\/4534"}],"wp:attachment":[{"href":"https:\/\/jairolibreros.com\/index.php?rest_route=%2Fwp%2Fv2%2Fmedia&parent=4872"}],"wp:term":[{"taxonomy":"category","embeddable":true,"href":"https:\/\/jairolibreros.com\/index.php?rest_route=%2Fwp%2Fv2%2Fcategories&post=4872"},{"taxonomy":"post_tag","embeddable":true,"href":"https:\/\/jairolibreros.com\/index.php?rest_route=%2Fwp%2Fv2%2Ftags&post=4872"}],"curies":[{"name":"wp","href":"https:\/\/api.w.org\/{rel}","templated":true}]}}