{"id":4876,"date":"2026-01-25T12:58:16","date_gmt":"2026-01-25T12:58:16","guid":{"rendered":"https:\/\/jairolibreros.com\/?p=4876"},"modified":"2026-01-25T13:02:40","modified_gmt":"2026-01-25T13:02:40","slug":"ivan-cepeda-lidera-en-las-dos-vueltas-presidenciales-pero-en-la-segunda-uno-de-cada-cuatro-no-ha-definido-su-voto-por-que","status":"publish","type":"post","link":"https:\/\/jairolibreros.com\/?p=4876","title":{"rendered":"Iv\u00e1n Cepeda lidera en las dos vueltas presidenciales, pero en la segunda uno de cada cuatro no ha definido su voto: \u00bfpor qu\u00e9?"},"content":{"rendered":"<p class=\"p1\"><span class=\"s1\" style=\"font-size: 14pt; font-family: tahoma, arial, helvetica, sans-serif;\"><b>Iv\u00e1n Cepeda lidera en las dos vueltas presidenciales, pero en la segunda uno de cada cuatro no ha definido su voto: \u00bfpor qu\u00e9? <\/b><\/span><\/p>\n<p class=\"p1\"><span class=\"s1\" style=\"font-size: 14pt; font-family: tahoma, arial, helvetica, sans-serif;\"><i>El Tiempo \u2022 Mateo Garc\u00eda \u2022 25.01.2026<\/i><\/span><\/p>\n<p class=\"p1\" style=\"text-align: center;\"><span class=\"s1\" style=\"font-size: 14pt; font-family: tahoma, arial, helvetica, sans-serif;\">En encuesta de Guarumo y Ecoanal\u00edtica revelada por EL TIEMPO, el senador le saca 15 puntos de ventaja a De la Espriella: 33,6 % frente a 18,2 %.\u00a0<\/span><\/p>\n<figure id=\"attachment_4880\" aria-describedby=\"caption-attachment-4880\" style=\"width: 240px\" class=\"wp-caption alignright\"><img fetchpriority=\"high\" decoding=\"async\" class=\"size-medium wp-image-4880\" src=\"https:\/\/jairolibreros.com\/wp-content\/uploads\/2026\/01\/B7B7E5BC-1D00-4168-9BD9-4EA9CD1D6A6D-240x300.jpeg\" alt=\"\" width=\"240\" height=\"300\" srcset=\"https:\/\/jairolibreros.com\/wp-content\/uploads\/2026\/01\/B7B7E5BC-1D00-4168-9BD9-4EA9CD1D6A6D-240x300.jpeg 240w, https:\/\/jairolibreros.com\/wp-content\/uploads\/2026\/01\/B7B7E5BC-1D00-4168-9BD9-4EA9CD1D6A6D-819x1024.jpeg 819w, https:\/\/jairolibreros.com\/wp-content\/uploads\/2026\/01\/B7B7E5BC-1D00-4168-9BD9-4EA9CD1D6A6D-768x960.jpeg 768w, https:\/\/jairolibreros.com\/wp-content\/uploads\/2026\/01\/B7B7E5BC-1D00-4168-9BD9-4EA9CD1D6A6D-1229x1536.jpeg 1229w, https:\/\/jairolibreros.com\/wp-content\/uploads\/2026\/01\/B7B7E5BC-1D00-4168-9BD9-4EA9CD1D6A6D-1638x2048.jpeg 1638w, https:\/\/jairolibreros.com\/wp-content\/uploads\/2026\/01\/B7B7E5BC-1D00-4168-9BD9-4EA9CD1D6A6D-scaled.jpeg 2048w\" sizes=\"(max-width: 240px) 100vw, 240px\" \/><figcaption id=\"caption-attachment-4880\" class=\"wp-caption-text\">Encuesta Presidencia. Guarumo, Ecoanal\u00edtica y El Tiempo. 24.01.2025<\/figcaption><\/figure>\n<p class=\"p1\"><span class=\"s1\" style=\"font-size: 14pt; font-family: tahoma, arial, helvetica, sans-serif;\">\u201c<i>El candidato Cepeda logr\u00f3 retener el endoso del voto radical petrista de la izquierda colombiana que se identifica con el ideario pol\u00edtico del presidente Petro, esto es, uno de cada tres votos efectivos. Y en el caso del candidato De la Espriella confluyen en su ascenso en la intenci\u00f3n de voto dos factores. De un lado, medi\u00e1ticamente su imagen cal\u00f3 entre los colombianos como la ant\u00edtesis radical de Petro, es decir, representa el voto radical de derecha. Y en segundo lugar, de carambola se benefici\u00f3 del vac\u00edo program\u00e1tico que deja la crisis de liderazgos pol\u00edticos de quienes representan el centro del espectro pol\u00edtico<\/i>\u201d, dice el analista <b>Jairo Libreros<\/b>.<\/span><\/p>\n<p><span style=\"font-size: 14pt; font-family: tahoma, arial, helvetica, sans-serif;\">El link de El Tiempo es el siguiente:<\/span><\/p>\n<p><span style=\"font-size: 14pt; font-family: tahoma, arial, helvetica, sans-serif;\"><a href=\"https:\/\/www.eltiempo.com\/politica\/elecciones-colombia-2026\/ivan-cepeda-lidera-en-las-dos-vueltas-presidenciales-pero-en-la-segunda-uno-de-cada-cuatro-no-ha-definido-su-voto-por-que-analisis-de-la-encuesta-3526911\"><span style=\"text-decoration: underline;\">https:\/\/www.eltiempo.com\/politica\/elecciones-colombia-2026\/ivan-cepeda-lidera-en-las-dos-vueltas-presidenciales-pero-en-la-segunda-uno-de-cada-cuatro-no-ha-definido-su-voto-por-que-analisis-de-la-encuesta-3526911<\/span><\/a><\/span><\/p>\n<div class=\"entry-content\">\n<div class=\"twp-article-wrapper clearfix\">\n<p style=\"text-align: right;\"><span style=\"font-size: 14pt; font-family: tahoma, arial, helvetica, sans-serif;\"><strong><a href=\"https:\/\/jairolibreros.com\/\"><span style=\"text-decoration: underline;\">Blog de Jairo Libreros<\/span><\/a><\/strong><\/span><\/p>\n<\/div>\n<\/div>\n","protected":false},"excerpt":{"rendered":"<p>Iv\u00e1n Cepeda lidera en las dos vueltas presidenciales, pero en la segunda uno de cada cuatro no ha definido su voto: \u00bfpor qu\u00e9? <\/p>\n","protected":false},"author":1,"featured_media":4535,"comment_status":"open","ping_status":"open","sticky":false,"template":"","format":"standard","meta":{"om_disable_all_campaigns":false,"_monsterinsights_skip_tracking":false,"_monsterinsights_sitenote_active":false,"_monsterinsights_sitenote_note":"","_monsterinsights_sitenote_category":0,"footnotes":""},"categories":[95,1],"tags":[44,54],"aioseo_notices":[],"class_list":["post-4876","post","type-post","status-publish","format-standard","has-post-thumbnail","hentry","category-el-tiempo","category-jairo-libreros","tag-elecciones","tag-comunicacion-politica"],"_links":{"self":[{"href":"https:\/\/jairolibreros.com\/index.php?rest_route=\/wp\/v2\/posts\/4876"}],"collection":[{"href":"https:\/\/jairolibreros.com\/index.php?rest_route=\/wp\/v2\/posts"}],"about":[{"href":"https:\/\/jairolibreros.com\/index.php?rest_route=\/wp\/v2\/types\/post"}],"author":[{"embeddable":true,"href":"https:\/\/jairolibreros.com\/index.php?rest_route=\/wp\/v2\/users\/1"}],"replies":[{"embeddable":true,"href":"https:\/\/jairolibreros.com\/index.php?rest_route=%2Fwp%2Fv2%2Fcomments&post=4876"}],"version-history":[{"count":4,"href":"https:\/\/jairolibreros.com\/index.php?rest_route=\/wp\/v2\/posts\/4876\/revisions"}],"predecessor-version":[{"id":4881,"href":"https:\/\/jairolibreros.com\/index.php?rest_route=\/wp\/v2\/posts\/4876\/revisions\/4881"}],"wp:featuredmedia":[{"embeddable":true,"href":"https:\/\/jairolibreros.com\/index.php?rest_route=\/wp\/v2\/media\/4535"}],"wp:attachment":[{"href":"https:\/\/jairolibreros.com\/index.php?rest_route=%2Fwp%2Fv2%2Fmedia&parent=4876"}],"wp:term":[{"taxonomy":"category","embeddable":true,"href":"https:\/\/jairolibreros.com\/index.php?rest_route=%2Fwp%2Fv2%2Fcategories&post=4876"},{"taxonomy":"post_tag","embeddable":true,"href":"https:\/\/jairolibreros.com\/index.php?rest_route=%2Fwp%2Fv2%2Ftags&post=4876"}],"curies":[{"name":"wp","href":"https:\/\/api.w.org\/{rel}","templated":true}]}}