{"id":4933,"date":"2026-04-28T22:15:14","date_gmt":"2026-04-28T22:15:14","guid":{"rendered":"https:\/\/jairolibreros.com\/?p=4933"},"modified":"2026-04-28T22:15:14","modified_gmt":"2026-04-28T22:15:14","slug":"soy-la-voz-de-quienes-rechazamos-las-verdades-a-medias-empacadas-como-cortinas-de-humo-para-desviar-la-atencion-sobre-el-impacto-del-terrorismo-en-medio-del-fracaso-de-la-paz-total","status":"publish","type":"post","link":"https:\/\/jairolibreros.com\/?p=4933","title":{"rendered":"Soy la voz de quienes rechazamos las verdades a medias empacadas como cortinas de humo para desviar la atenci\u00f3n sobre el impacto del terrorismo en medio del fracaso de la paz total"},"content":{"rendered":"<p><span style=\"font-family: tahoma, arial, helvetica, sans-serif; font-size: 14pt;\"><strong>Soy la voz de quienes rechazamos las verdades a medias empacadas como cortinas de humo para desviar la atenci\u00f3n sobre el impacto del terrorismo en medio del fracaso de la paz total<\/strong><\/span><\/p>\n<p><span style=\"font-family: tahoma, arial, helvetica, sans-serif; font-size: 14pt;\"><i><a class=\"css-4rbku5 css-18t94o4 css-901oao css-16my406 r-1cvl2hr r-1loqt21 r-poiln3 r-bcqeeo r-1ny4l3l r-1ddef8g r-tjvw6i r-qvutc0\" dir=\"ltr\" role=\"link\" href=\"https:\/\/twitter.com\/hashtag\/SoyLaVoz?src=hashtag_click\">#SoyLaVoz<\/a> \u00b7 La Luci\u00e9rnaga \u00b7 Caracol Radio \u00b7 28.04.2026<\/i><\/span><\/p>\n<p><span style=\"font-family: tahoma, arial, helvetica, sans-serif; font-size: 14pt;\">Hola, les habla <b>Jairo Libreros, profesor de la Universidad Externado de Colombia<\/b>, y soy la voz de quienes rechazamos las verdades a medias empacadas como cortinas de humo para desviar la atenci\u00f3n sobre el impacto del terrorismo en medio del fracaso de la paz total.<\/span><\/p>\n<p><span style=\"font-family: tahoma, arial, helvetica, sans-serif; font-size: 14pt;\">Y me refiero a las afirmaciones del presidente Gustavo Petro cuando anoche dijo que \u201cEl mayor exportador de coca\u00edna son los puertos ecuatorianos\u201d, entre otros embustes, sin aportar evidencias, estudios o investigaciones que sustenten sus verdades a medias.<\/span><\/p>\n<p><span style=\"font-family: tahoma, arial, helvetica, sans-serif; font-size: 14pt;\">El Pa\u00eds -El Peri\u00f3dico Global, de esta Casa Period\u00edstica, Prima Media-, public\u00f3 en noviembre del a\u00f1o pasado un dato en exclusiva: seg\u00fan Naciones Unidas, Colombia es el mayor productor y exportador de coca\u00edna del planeta. Sigo con la cita, esa informaci\u00f3n \u201cque el gobierno de Gustavo Petro meti\u00f3 en un caj\u00f3n porque no est\u00e1 de acuerdo con c\u00f3mo se ha calculado\u201d, es el \u00faltimo reporte oficial que tenemos sobre drogas il\u00edcitas a nivel global.<\/span><\/p>\n<p><span style=\"font-family: tahoma, arial, helvetica, sans-serif; font-size: 14pt;\">Presentar verdades a medias no es una destreza repentina de un interlocutor desvalido, arrinconado o confundido. No nos equivoquemos. Es una pr\u00e1ctica personal que hace parte de un entramado mayor que sistem\u00e1ticamente busca minar la confianza de la opini\u00f3n p\u00fablica.<\/span><\/p>\n<p><span style=\"font-family: tahoma, arial, helvetica, sans-serif; font-size: 14pt;\">En conclusi\u00f3n, parafraseando a Mark Twain: \u201cLa verdad a medias es la mas cobarde de las mentiras\u201d.<\/span><\/p>\n<p>&nbsp;<\/p>\n<p>&nbsp;<\/p>\n<p><span style=\"font-family: tahoma, arial, helvetica, sans-serif; font-size: 14pt;\"><strong>Tesis de Petro sobre atentados: explosivos vienen de Ecuador (La Silla Vac\u00eda, 28.04.2026)<\/strong><\/span><\/p>\n<blockquote hcb-fetch-image-from=\"https:\/\/www.lasillavacia.com\/en-vivo\/tesis-de-petro-sobre-atentados-explosivos-vienen-de-ecuador\/\" class=\"wp-embedded-content\" data-secret=\"8HeTJGkCL4\"><p><a href=\"https:\/\/www.lasillavacia.com\/en-vivo\/tesis-de-petro-sobre-atentados-explosivos-vienen-de-ecuador\/\">Tesis de Petro sobre atentados: explosivos vienen de Ecuador<\/a><\/p><\/blockquote>\n<p><iframe class=\"wp-embedded-content\" sandbox=\"allow-scripts\" security=\"restricted\" style=\"position: absolute; clip: rect(1px, 1px, 1px, 1px);\" title=\"&#8220;Tesis de Petro sobre atentados: explosivos vienen de Ecuador&#8221; &#8212; La Silla Vac\u00eda\" src=\"https:\/\/www.lasillavacia.com\/en-vivo\/tesis-de-petro-sobre-atentados-explosivos-vienen-de-ecuador\/embed\/#?secret=XEeOfoQOsL#?secret=8HeTJGkCL4\" data-secret=\"8HeTJGkCL4\" width=\"600\" height=\"338\" frameborder=\"0\" marginwidth=\"0\" marginheight=\"0\" scrolling=\"no\"><\/iframe><\/p>\n<p><span style=\"font-family: tahoma, arial, helvetica, sans-serif; font-size: 14pt;\"><strong>Colombia: El mayor exportador de coca\u00edna no sabe cu\u00e1nta produce (El Pa\u00eds Global, 18.11.2025)<\/strong><\/span><\/p>\n<p><span style=\"font-family: tahoma, arial, helvetica, sans-serif; font-size: 14pt;\"><span style=\"text-decoration: underline;\"><a href=\"https:\/\/elpais.com\/podcasts\/hoy-en-el-pais\/2025-11-19\/podcast-colombia-el-mayor-exportador-de-cocaina-no-sabe-cuanta-produce.html\">https:\/\/elpais.com\/podcasts\/hoy-en-el-pais\/2025-11-19\/podcast-colombia-el-mayor-exportador-de-cocaina-no-sabe-cuanta-produce.html<\/a><\/span>\u00a0<\/span><\/p>\n<div class=\"entry-content\">\n<div class=\"twp-article-wrapper clearfix\">\n<p style=\"text-align: right;\"><span style=\"font-family: tahoma, arial, helvetica, sans-serif; font-size: 14pt;\"><strong><a href=\"https:\/\/jairolibreros.com\/\"><span style=\"text-decoration: underline;\">Blog de Jairo Libreros<\/span><\/a><\/strong><\/span><\/p>\n<\/div>\n<\/div>\n","protected":false},"excerpt":{"rendered":"<p>Soy la voz de quienes rechazamos las verdades a medias empacadas como cortinas de humo para desviar la atenci\u00f3n sobre el impacto del <\/p>\n","protected":false},"author":1,"featured_media":428,"comment_status":"open","ping_status":"open","sticky":false,"template":"","format":"standard","meta":{"om_disable_all_campaigns":false,"_monsterinsights_skip_tracking":false,"_monsterinsights_sitenote_active":false,"_monsterinsights_sitenote_note":"","_monsterinsights_sitenote_category":0,"footnotes":""},"categories":[94,1],"tags":[44,54,97,64],"aioseo_notices":[],"class_list":["post-4933","post","type-post","status-publish","format-standard","has-post-thumbnail","hentry","category-caracol-radio","category-jairo-libreros","tag-elecciones","tag-comunicacion-politica","tag-inteligencia-estrategica","tag-politica-internacional"],"_links":{"self":[{"href":"https:\/\/jairolibreros.com\/index.php?rest_route=\/wp\/v2\/posts\/4933"}],"collection":[{"href":"https:\/\/jairolibreros.com\/index.php?rest_route=\/wp\/v2\/posts"}],"about":[{"href":"https:\/\/jairolibreros.com\/index.php?rest_route=\/wp\/v2\/types\/post"}],"author":[{"embeddable":true,"href":"https:\/\/jairolibreros.com\/index.php?rest_route=\/wp\/v2\/users\/1"}],"replies":[{"embeddable":true,"href":"https:\/\/jairolibreros.com\/index.php?rest_route=%2Fwp%2Fv2%2Fcomments&post=4933"}],"version-history":[{"count":1,"href":"https:\/\/jairolibreros.com\/index.php?rest_route=\/wp\/v2\/posts\/4933\/revisions"}],"predecessor-version":[{"id":4934,"href":"https:\/\/jairolibreros.com\/index.php?rest_route=\/wp\/v2\/posts\/4933\/revisions\/4934"}],"wp:featuredmedia":[{"embeddable":true,"href":"https:\/\/jairolibreros.com\/index.php?rest_route=\/wp\/v2\/media\/428"}],"wp:attachment":[{"href":"https:\/\/jairolibreros.com\/index.php?rest_route=%2Fwp%2Fv2%2Fmedia&parent=4933"}],"wp:term":[{"taxonomy":"category","embeddable":true,"href":"https:\/\/jairolibreros.com\/index.php?rest_route=%2Fwp%2Fv2%2Fcategories&post=4933"},{"taxonomy":"post_tag","embeddable":true,"href":"https:\/\/jairolibreros.com\/index.php?rest_route=%2Fwp%2Fv2%2Ftags&post=4933"}],"curies":[{"name":"wp","href":"https:\/\/api.w.org\/{rel}","templated":true}]}}