{"id":4935,"date":"2026-04-27T22:47:02","date_gmt":"2026-04-27T22:47:02","guid":{"rendered":"https:\/\/jairolibreros.com\/?p=4935"},"modified":"2026-04-28T22:50:46","modified_gmt":"2026-04-28T22:50:46","slug":"el-llamado-proceso-de-paz-total-es-un-desastre-total","status":"publish","type":"post","link":"https:\/\/jairolibreros.com\/?p=4935","title":{"rendered":"El llamado proceso de paz total es un desastre total"},"content":{"rendered":"<p><span style=\"font-family: tahoma, arial, helvetica, sans-serif; font-size: 14pt;\"><strong>\u201cEl llamado proceso de paz total es un desastre total\u201d: dura cr\u00edtica sacude al Gobierno tras escalada terrorista<\/strong><\/span><\/p>\n<p><span style=\"font-family: tahoma, arial, helvetica, sans-serif; font-size: 14pt;\"><i>Aqu\u00ed y ahora con Maritza Aristiz\u00e1bal \u00b7 La FM \u00b7 RCN Radio \u00b727.04.2026<\/i><\/span><\/p>\n<p style=\"text-align: center;\"><span style=\"font-family: tahoma, arial, helvetica, sans-serif; font-size: 14pt;\"><strong>An\u00e1lisis sobre seguridad, paz total y control territorial tras la escalada en Valle y Cauca y su impacto electoral<\/strong><\/span><\/p>\n<p class=\"p1\"><span style=\"font-family: tahoma, arial, helvetica, sans-serif; font-size: 14pt;\"><span class=\"s1\">La reciente <\/span><span class=\"s2\">escalada terrorista en Valle del Cauca y Cauca<\/span><span class=\"s1\">, que deja al menos 20 personas muertas, motiv\u00f3 un an\u00e1lisis en &#8216;Aqu\u00ed y Ahora&#8217; de La FM sobre la <\/span><span class=\"s2\">seguridad, la paz total y el control territorial<\/span><span class=\"s1\">.<\/span><\/span><\/p>\n<p class=\"p3\"><span style=\"font-family: tahoma, arial, helvetica, sans-serif; font-size: 14pt;\"><strong><span class=\"s3\">\u00bfC\u00f3mo se ha afectado el control territorial en las regiones?<\/span><\/strong><\/span><\/p>\n<p class=\"p1\"><span style=\"font-family: tahoma, arial, helvetica, sans-serif; font-size: 14pt;\"><strong><span class=\"s2\">Jairo Libreros<\/span><\/strong><span class=\"s1\"> describi\u00f3 el impacto en el Valle del Cauca y se\u00f1al\u00f3 que existe un \u201cdepartamento fracturado en t\u00e9rminos territoriales\u201d y \u201csocialmente atemorizado\u201d. Indic\u00f3 que<\/span><span class=\"s2\"> la fuerza p\u00fablica perdi\u00f3 la iniciativa<\/span><span class=\"s1\"> y que actualmente es \u201ceminentemente reactiva\u201d.<\/span><\/span><\/p>\n<p class=\"p1\"><span style=\"font-family: tahoma, arial, helvetica, sans-serif; font-size: 14pt;\"><span class=\"s1\">El analista explic\u00f3 que \u201cla inteligencia no opera\u201d y que no existen capacidades suficientes para anticipar ataques. A\u00f1adi\u00f3 que <\/span><span class=\"s2\">\u201cno hay una pol\u00edtica de seguridad\u201d <\/span><span class=\"s1\">y que la articulaci\u00f3n con el nivel nacional es limitada.<\/span><\/span><\/p>\n<p class=\"p1\"><span style=\"font-family: tahoma, arial, helvetica, sans-serif; font-size: 14pt;\"><span class=\"s1\">Adem\u00e1s, se\u00f1al\u00f3 que estructuras ilegales <\/span><span class=\"s2\">mantienen control sobre econom\u00edas il\u00edcitas<\/span><span class=\"s1\"> en la regi\u00f3n, lo que fortalece su presencia territorial y limita la acci\u00f3n estatal.<\/span><\/span><\/p>\n<p class=\"p3\"><span style=\"font-family: tahoma, arial, helvetica, sans-serif; font-size: 14pt;\"><strong><span class=\"s3\">\u00bfQu\u00e9 impacto tiene la violencia en las elecciones?<\/span><\/strong><\/span><\/p>\n<p class=\"p1\"><span style=\"font-family: tahoma, arial, helvetica, sans-serif; font-size: 14pt;\"><span class=\"s1\">Sobre el <\/span><span class=\"s2\">proceso electoral<\/span><span class=\"s1\">, los entrevistados advirtieron riesgos en la seguridad electoral. <strong>Libreros<\/strong> afirm\u00f3 que \u201clos ciudadanos no est\u00e1n saliendo a votar libremente\u201d y que existen presiones en territorios bajo control de grupos armados.<\/span><\/span><\/p>\n<p class=\"p3\"><span style=\"font-family: tahoma, arial, helvetica, sans-serif; font-size: 14pt;\"><strong><span class=\"s3\">\u00bfQu\u00e9 proponen para recuperar la seguridad en Colombia?<\/span><\/strong><\/span><\/p>\n<p class=\"p1\"><span style=\"font-family: tahoma, arial, helvetica, sans-serif; font-size: 14pt;\"><span class=\"s1\"><strong>Libreros<\/strong> agreg\u00f3 que es necesario aumentar el pie de fuerza y mejorar el reclutamiento, se\u00f1alando que \u201c<\/span><span class=\"s2\">necesitamos entre 70.000 y 100.000 personas\u201d para cubrir el territorio. <\/span><span class=\"s1\">Asimismo, indic\u00f3 que se deben garantizar condiciones para que los integrantes de la fuerza p\u00fablica puedan actuar sin restricciones.<\/span><\/span><\/p>\n<p>&nbsp;<\/p>\n<p><span style=\"font-family: tahoma, arial, helvetica, sans-serif; font-size: 14pt;\">El link de La FM es el siguiente:<\/span><\/p>\n<p><span style=\"font-family: tahoma, arial, helvetica, sans-serif; font-size: 14pt;\"><span style=\"text-decoration: underline;\"><a href=\"https:\/\/www.lafm.com.co\/orden-publico\/paz-total-criticas-escalada-violencia-colombia-397590#google_vignette\">https:\/\/www.lafm.com.co\/orden-publico\/paz-total-criticas-escalada-violencia-colombia-397590#google_vignette<\/a><\/span>\u00a0<\/span><\/p>\n<p style=\"text-align: right;\"><span style=\"text-decoration: underline; font-family: tahoma, arial, helvetica, sans-serif; font-size: 14pt;\"><strong><a href=\"https:\/\/jairolibreros.com\/\">Blog de Jairo Libreros<\/a><\/strong><\/span><\/p>\n","protected":false},"excerpt":{"rendered":"<p>\u201cEl llamado proceso de paz total es un desastre total\u201d: dura cr\u00edtica sacude al Gobierno tras escalada terrorista Aqu\u00ed y ahora con Maritza <\/p>\n","protected":false},"author":1,"featured_media":4937,"comment_status":"open","ping_status":"open","sticky":false,"template":"","format":"standard","meta":{"om_disable_all_campaigns":false,"_monsterinsights_skip_tracking":false,"_monsterinsights_sitenote_active":false,"_monsterinsights_sitenote_note":"","_monsterinsights_sitenote_category":0,"footnotes":""},"categories":[1,96],"tags":[90,98,97,39],"aioseo_notices":[],"class_list":["post-4935","post","type-post","status-publish","format-standard","has-post-thumbnail","hentry","category-jairo-libreros","category-universidad-externado","tag-seguridad-y-defensa-nacional","tag-derechos-humanos","tag-inteligencia-estrategica","tag-seguridad-ciudadana"],"_links":{"self":[{"href":"https:\/\/jairolibreros.com\/index.php?rest_route=\/wp\/v2\/posts\/4935"}],"collection":[{"href":"https:\/\/jairolibreros.com\/index.php?rest_route=\/wp\/v2\/posts"}],"about":[{"href":"https:\/\/jairolibreros.com\/index.php?rest_route=\/wp\/v2\/types\/post"}],"author":[{"embeddable":true,"href":"https:\/\/jairolibreros.com\/index.php?rest_route=\/wp\/v2\/users\/1"}],"replies":[{"embeddable":true,"href":"https:\/\/jairolibreros.com\/index.php?rest_route=%2Fwp%2Fv2%2Fcomments&post=4935"}],"version-history":[{"count":1,"href":"https:\/\/jairolibreros.com\/index.php?rest_route=\/wp\/v2\/posts\/4935\/revisions"}],"predecessor-version":[{"id":4936,"href":"https:\/\/jairolibreros.com\/index.php?rest_route=\/wp\/v2\/posts\/4935\/revisions\/4936"}],"wp:featuredmedia":[{"embeddable":true,"href":"https:\/\/jairolibreros.com\/index.php?rest_route=\/wp\/v2\/media\/4937"}],"wp:attachment":[{"href":"https:\/\/jairolibreros.com\/index.php?rest_route=%2Fwp%2Fv2%2Fmedia&parent=4935"}],"wp:term":[{"taxonomy":"category","embeddable":true,"href":"https:\/\/jairolibreros.com\/index.php?rest_route=%2Fwp%2Fv2%2Fcategories&post=4935"},{"taxonomy":"post_tag","embeddable":true,"href":"https:\/\/jairolibreros.com\/index.php?rest_route=%2Fwp%2Fv2%2Ftags&post=4935"}],"curies":[{"name":"wp","href":"https:\/\/api.w.org\/{rel}","templated":true}]}}