{"id":4944,"date":"2026-04-02T22:35:13","date_gmt":"2026-04-02T22:35:13","guid":{"rendered":"https:\/\/jairolibreros.com\/?p=4944"},"modified":"2026-05-02T16:00:01","modified_gmt":"2026-05-02T16:00:01","slug":"aumenta-polarizacion-politica-en-eeuu","status":"publish","type":"post","link":"https:\/\/jairolibreros.com\/?p=4944","title":{"rendered":"Aumenta polarizaci\u00f3n pol\u00edtica en EEUU"},"content":{"rendered":"<p><span style=\"font-family: tahoma, arial, helvetica, sans-serif; font-size: 14pt;\"><strong>Aumenta polarizaci\u00f3n pol\u00edtica en EEUU<\/strong><\/span><\/p>\n<p><span style=\"font-family: tahoma, arial, helvetica, sans-serif; font-size: 14pt;\"><em>Univisi\u00f3n. Carlos Arturo Albino. 28.04.2026<\/em><\/span><\/p>\n<figure id=\"attachment_4951\" aria-describedby=\"caption-attachment-4951\" style=\"width: 300px\" class=\"wp-caption alignleft\"><img decoding=\"async\" class=\"size-medium wp-image-4951\" src=\"https:\/\/jairolibreros.com\/wp-content\/uploads\/2026\/04\/IMG_1051-300x164.jpeg\" alt=\"Jairo Libreros. Univision. Violencia pol\u00edtica. 28.04.2026\" width=\"300\" height=\"164\" srcset=\"https:\/\/jairolibreros.com\/wp-content\/uploads\/2026\/04\/IMG_1051-300x164.jpeg 300w, https:\/\/jairolibreros.com\/wp-content\/uploads\/2026\/04\/IMG_1051-1024x561.jpeg 1024w, https:\/\/jairolibreros.com\/wp-content\/uploads\/2026\/04\/IMG_1051-768x421.jpeg 768w, https:\/\/jairolibreros.com\/wp-content\/uploads\/2026\/04\/IMG_1051.jpeg 1320w\" sizes=\"(max-width: 300px) 100vw, 300px\" \/><figcaption id=\"caption-attachment-4951\" class=\"wp-caption-text\">Jairo Libreros. Univision. Violencia pol\u00edtica. 28.04.2026<\/figcaption><\/figure>\n<p><span style=\"font-family: tahoma, arial, helvetica, sans-serif; font-size: 14pt;\">Un nuevo episodio violento contra el <b>presidente Donald Trump <\/b>durante un<b> evento<\/b> en <b>Washington<\/b> reaviv\u00f3 el debate sobre la creciente <b>polarizaci\u00f3n pol\u00edtica en EEUU<\/b>.<\/span><\/p>\n<div style=\"width: 640px;\" class=\"wp-video\"><!--[if lt IE 9]><script>document.createElement('video');<\/script><![endif]-->\n<video class=\"wp-video-shortcode\" id=\"video-4944-1\" width=\"640\" height=\"357\" preload=\"metadata\" controls=\"controls\"><source type=\"video\/mp4\" src=\"https:\/\/jairolibreros.com\/wp-content\/uploads\/2026\/05\/33a57afe-5ef4-4d7f-bbf0-95bd9fe2191c.mp4?_=1\" \/><a href=\"https:\/\/jairolibreros.com\/wp-content\/uploads\/2026\/05\/33a57afe-5ef4-4d7f-bbf0-95bd9fe2191c.mp4\">https:\/\/jairolibreros.com\/wp-content\/uploads\/2026\/05\/33a57afe-5ef4-4d7f-bbf0-95bd9fe2191c.mp4<\/a><\/video><\/div>\n<p>&nbsp;<\/p>\n<p><span style=\"font-family: tahoma, arial, helvetica, sans-serif; font-size: 14pt;\">El link de Univision es el siguiente:<\/span><\/p>\n<p><span style=\"text-decoration: underline; font-family: tahoma, arial, helvetica, sans-serif; font-size: 14pt;\"><a href=\"https:\/\/www.univision.com\/local\/washington-dc-wfdc\/aumenta-polarizacion-politica-en-eeuu-experto-pide-a-lideres-llamar-a-la-calma-video\">https:\/\/www.univision.com\/local\/washington-dc-wfdc\/aumenta-polarizacion-politica-en-eeuu-experto-pide-a-lideres-llamar-a-la-calma-video<\/a><\/span><\/p>\n<p style=\"text-align: right;\"><span style=\"text-decoration: underline; font-family: tahoma, arial, helvetica, sans-serif; font-size: 14pt;\"><strong><a href=\"https:\/\/jairolibreros.com\/\">Blog de Jairo Libreros<\/a><\/strong><\/span><\/p>\n","protected":false},"excerpt":{"rendered":"<p>Aumenta polarizaci\u00f3n pol\u00edtica en EEUU Univisi\u00f3n. Carlos Arturo Albino. 28.04.2026 Un nuevo episodio violento contra el presidente Donald Trump durante un evento en <\/p>\n","protected":false},"author":1,"featured_media":4952,"comment_status":"open","ping_status":"open","sticky":false,"template":"","format":"standard","meta":{"om_disable_all_campaigns":false,"_monsterinsights_skip_tracking":false,"_monsterinsights_sitenote_active":false,"_monsterinsights_sitenote_note":"","_monsterinsights_sitenote_category":0,"footnotes":""},"categories":[1,96],"tags":[54,98,64,39],"aioseo_notices":[],"class_list":["post-4944","post","type-post","status-publish","format-standard","has-post-thumbnail","hentry","category-jairo-libreros","category-universidad-externado","tag-comunicacion-politica","tag-derechos-humanos","tag-politica-internacional","tag-seguridad-ciudadana"],"_links":{"self":[{"href":"https:\/\/jairolibreros.com\/index.php?rest_route=\/wp\/v2\/posts\/4944"}],"collection":[{"href":"https:\/\/jairolibreros.com\/index.php?rest_route=\/wp\/v2\/posts"}],"about":[{"href":"https:\/\/jairolibreros.com\/index.php?rest_route=\/wp\/v2\/types\/post"}],"author":[{"embeddable":true,"href":"https:\/\/jairolibreros.com\/index.php?rest_route=\/wp\/v2\/users\/1"}],"replies":[{"embeddable":true,"href":"https:\/\/jairolibreros.com\/index.php?rest_route=%2Fwp%2Fv2%2Fcomments&post=4944"}],"version-history":[{"count":5,"href":"https:\/\/jairolibreros.com\/index.php?rest_route=\/wp\/v2\/posts\/4944\/revisions"}],"predecessor-version":[{"id":4953,"href":"https:\/\/jairolibreros.com\/index.php?rest_route=\/wp\/v2\/posts\/4944\/revisions\/4953"}],"wp:featuredmedia":[{"embeddable":true,"href":"https:\/\/jairolibreros.com\/index.php?rest_route=\/wp\/v2\/media\/4952"}],"wp:attachment":[{"href":"https:\/\/jairolibreros.com\/index.php?rest_route=%2Fwp%2Fv2%2Fmedia&parent=4944"}],"wp:term":[{"taxonomy":"category","embeddable":true,"href":"https:\/\/jairolibreros.com\/index.php?rest_route=%2Fwp%2Fv2%2Fcategories&post=4944"},{"taxonomy":"post_tag","embeddable":true,"href":"https:\/\/jairolibreros.com\/index.php?rest_route=%2Fwp%2Fv2%2Ftags&post=4944"}],"curies":[{"name":"wp","href":"https:\/\/api.w.org\/{rel}","templated":true}]}}