{"id":5130,"date":"2026-09-02T16:11:09","date_gmt":"2026-09-02T16:11:09","guid":{"rendered":"https:\/\/jairolibreros.com\/?p=5130"},"modified":"2026-09-02T16:29:09","modified_gmt":"2026-09-02T16:29:09","slug":"bombardeos-y-estrategias-de-seguridad-durante-las-primeras-semanas-del-gobierno","status":"publish","type":"post","link":"https:\/\/jairolibreros.com\/?p=5130","title":{"rendered":"Bombardeos y estrategias de seguridad durante las primeras semanas del Gobierno Nacional"},"content":{"rendered":"<p><span style=\"font-family: tahoma, arial, helvetica, sans-serif; font-size: 14pt;\"><strong>Bombardeos y estrategias de seguridad durante las primeras semanas del Gobierno Nacional<\/strong><\/span><\/p>\n<figure id=\"attachment_5131\" aria-describedby=\"caption-attachment-5131\" style=\"width: 240px\" class=\"wp-caption alignleft\"><img fetchpriority=\"high\" decoding=\"async\" class=\"size-medium wp-image-5131\" src=\"https:\/\/jairolibreros.com\/wp-content\/uploads\/2026\/09\/IMG_2548-240x300.jpeg\" alt=\"\" width=\"240\" height=\"300\" srcset=\"https:\/\/jairolibreros.com\/wp-content\/uploads\/2026\/09\/IMG_2548-240x300.jpeg 240w, https:\/\/jairolibreros.com\/wp-content\/uploads\/2026\/09\/IMG_2548-820x1024.jpeg 820w, https:\/\/jairolibreros.com\/wp-content\/uploads\/2026\/09\/IMG_2548-768x959.jpeg 768w, https:\/\/jairolibreros.com\/wp-content\/uploads\/2026\/09\/IMG_2548.jpeg 1096w\" sizes=\"(max-width: 240px) 100vw, 240px\" \/><figcaption id=\"caption-attachment-5131\" class=\"wp-caption-text\"><span style=\"font-size: 8pt;\"><strong>Jairo Libreros<\/strong>. Hora20, Caracol Radio. 2026<\/span><\/figcaption><\/figure>\n<p><span style=\"font-size: 14pt; font-family: tahoma, arial, helvetica, sans-serif;\"><em>Caracol Radio \u2022 Hora20 \u2022 Sebasti\u00e1n Ram\u00edrez \u2022 01.09.2026<\/em><\/span><\/p>\n<p><span style=\"font-size: 14pt; font-family: tahoma, arial, helvetica, sans-serif;\">Mi ayuda de memoria para el debate es la siguiente:<\/span><\/p>\n<p class=\"p1\"><span style=\"font-size: 14pt; font-family: tahoma, arial, helvetica, sans-serif;\"><em><span class=\"s1\">La ofensiva del Gobierno contra los grupos armados ilegales y las reacciones violentas de esas estructuras. \u00bfQu\u00e9 caracter\u00edsticas tienen los primeros operativos de la Fuerza P\u00fablica en el actual gobierno?<\/span><\/em><\/span><\/p>\n<ul class=\"ul1\">\n<li class=\"li1\"><span class=\"s2\" style=\"font-size: 14pt; font-family: tahoma, arial, helvetica, sans-serif;\">Destaco dos caracter\u00edsticas. En seguridad y defensa nacional, despu\u00e9s de cuatro a\u00f1os de su letargo, Colombia recuper\u00f3 la figura del comandante supremo de las fuerzas armadas. Las operaciones militares y policiales y las misiones de inteligencia de las \u00faltimas tres semanas demuestran que la Fuerza P\u00fablica recuper\u00f3 la libertad de acci\u00f3n bajo la conducci\u00f3n del presidente De la Espriella. El liderazgo, la voluntad pol\u00edtica y capacidad de respuesta del presidente no solo es medi\u00e1tica. De al Espriella conduce como presidente a las fuerzas militares, a la polic\u00eda nacional y a los organismos de seguridad.<\/span><\/li>\n<li class=\"li1\"><span style=\"font-size: 14pt; font-family: tahoma, arial, helvetica, sans-serif;\"><span class=\"s2\">Y en el tema del orden p\u00fablico, se est\u00e1 reparando la confianza institucional fracturada entre la presidencia de la Rep\u00fablica <\/span><span class=\"s1\">y los<\/span><span class=\"s2\"> mandatarios territoriales, la rama judicial, el ministerio p\u00fablico y las fuerzas y agencias de seguridad. Entre el 1 de enero y el 5 de agosto los niveles de desconfianza con el gobierno nacional eran inmanejables, cr\u00edticos, que frustraba la gesti\u00f3n territorial de la seguridad ciudadana.<\/span><\/span><\/li>\n<\/ul>\n<p class=\"p1\"><span style=\"font-size: 14pt; font-family: tahoma, arial, helvetica, sans-serif;\"><em><span class=\"s1\">Bombardeos y protecci\u00f3n a la poblaci\u00f3n civil. \u00bfQu\u00e9 resultados se esperan de los 15 bombardeos anunciados por el Ejecutivo en sus primeros 100 d\u00edas?<\/span><\/em><\/span><\/p>\n<ul class=\"ul1\">\n<li class=\"li1\"><span class=\"s2\" style=\"font-size: 14pt; font-family: tahoma, arial, helvetica, sans-serif;\">Honrar la promesa presidencial de dar de baja a objetivos de alto valor en el marco del derecho internacional humanitario. Sin duda las din\u00e1micas de la violencia, de la criminalidad, del conflicto y de la conflictividad en Colombia han cambiado desde el 2016. Pero la gran mayor\u00eda de las estructuras criminales de las disidencias de las FARC, del ELN y del clan del Golfo se comportan en el terreno como ej\u00e9rcitos irregulares, y por ello, son objetivos leg\u00edtimos del uso de la fuerza mediante bombardeos.<\/span><\/li>\n<li class=\"li1\"><span class=\"s2\" style=\"font-size: 14pt; font-family: tahoma, arial, helvetica, sans-serif;\">El proceso y la toma de decisiones relacionadas con operaciones a\u00e9reas de control, de vigilancia, de inteligencia, de movilidad, de b\u00fasqueda, y de manera especial, las operaciones de ataque a\u00e9reo y las de bombardeo est\u00e1n regladas en Colombia con base en los est\u00e1ndares OTAN. Los protocolos de bombardeos tienen sus particularidades, pero en t\u00e9rminos especiales los ejes son dos: evaluaci\u00f3n de inteligencia y el test de valor estrat\u00e9gico.<\/span><\/li>\n<\/ul>\n<ul class=\"ul1\">\n<li class=\"li1\"><span class=\"s2\" style=\"font-size: 14pt; font-family: tahoma, arial, helvetica, sans-serif;\">Principio de legalidad, de confianza institucional y de especialidad\u2026<\/span><\/li>\n<li class=\"li1\"><span class=\"s2\" style=\"font-size: 14pt; font-family: tahoma, arial, helvetica, sans-serif;\">Evaluaci\u00f3n de la fuente: en t\u00e9rminos porcentuales:<\/span><\/li>\n<li class=\"li1\"><span style=\"font-size: 14pt; font-family: tahoma, arial, helvetica, sans-serif;\"><span class=\"s1\">Confiabilidad<\/span><span class=\"s2\"> de la fuente.<\/span><\/span><\/li>\n<li class=\"li1\"><span style=\"font-size: 14pt; font-family: tahoma, arial, helvetica, sans-serif;\"><span class=\"s1\">Exactitud<\/span><span class=\"s2\"><span class=\"s2\"> de la informaci\u00f3n.<\/span><\/span><\/span>\n<p><figure id=\"attachment_5132\" aria-describedby=\"caption-attachment-5132\" style=\"width: 300px\" class=\"wp-caption alignright\"><img decoding=\"async\" class=\"size-medium wp-image-5132\" src=\"https:\/\/jairolibreros.com\/wp-content\/uploads\/2026\/09\/IMG_0851-300x169.jpeg\" alt=\"\" width=\"300\" height=\"169\" srcset=\"https:\/\/jairolibreros.com\/wp-content\/uploads\/2026\/09\/IMG_0851-300x169.jpeg 300w, https:\/\/jairolibreros.com\/wp-content\/uploads\/2026\/09\/IMG_0851-1024x576.jpeg 1024w, https:\/\/jairolibreros.com\/wp-content\/uploads\/2026\/09\/IMG_0851-768x432.jpeg 768w, https:\/\/jairolibreros.com\/wp-content\/uploads\/2026\/09\/IMG_0851.jpeg 1131w\" sizes=\"(max-width: 300px) 100vw, 300px\" \/><figcaption id=\"caption-attachment-5132\" class=\"wp-caption-text\"><span style=\"font-size: 10pt; font-family: tahoma, arial, helvetica, sans-serif;\"><strong>Jairo Libreros<\/strong>. Hora20, Caracol Radio. 2026<\/span><\/figcaption><\/figure><\/li>\n<\/ul>\n<p class=\"p1\" style=\"text-align: center;\"><span style=\"font-size: 14pt; font-family: tahoma, arial, helvetica, sans-serif;\"><strong><span class=\"s1\">En Hora 20, los panelistas analizaron el despliegue de la Fuerza P\u00fablica durante las primeras semanas del gobierno del presidente Abelardo de la Espriella<\/span><\/strong><\/span><\/p>\n<p class=\"p1\"><span style=\"font-size: 14pt; font-family: tahoma, arial, helvetica, sans-serif;\"><span class=\"s2\"><strong>En Hora 20<\/strong>, los panelistas analizaron el despliegue de la Fuerza P\u00fablica durante las primeras semanas del gobierno del presidente Abelardo de la Espriella.<\/span><span class=\"s1\">Los panelistas hablaron sobre la ofensiva del Gobierno de Abelardo de la Espriella contra los grupos armados ilegales, los atentados registrados en los \u00faltimos d\u00edas, la reactivaci\u00f3n de las \u00f3rdenes de captura contra 46 cabecillas de tres grupos armados tras la suspensi\u00f3n de las mesas de di\u00e1logo con esas estructuras. Adem\u00e1s, analizaron los bombardeos que ha desplegado el Gobierno y el fallecimiento de menores de edad en esos operativos. <\/span><\/span><\/p>\n<p class=\"p1\"><span style=\"font-size: 14pt; font-family: tahoma, arial, helvetica, sans-serif;\"><strong><span class=\"s2\">Lo que dijeron los panelistas<\/span><\/strong><\/span><\/p>\n<p class=\"p1\"><span style=\"font-size: 14pt; font-family: tahoma, arial, helvetica, sans-serif;\"><strong><span class=\"s2\">Jairo Libreros, <\/span><\/strong><span class=\"s1\"><strong>analista en seguridad y profesor universitario<\/strong>, asegur\u00f3 que con la llegada del gobierno de Abelardo de la Espriella el pa\u00eds recuper\u00f3 la figura del comandante en jefe de las Fuerzas Armadas. <\/span><span class=\"s1\">Tambi\u00e9n se refiri\u00f3 a la necesidad de incorporar la tecnolog\u00eda en el sector seguridad. \u201cEl 80 % de los drones que usa Ucrania los hace con motores de moto. Creo que en el caso colombiano no hemos logrado avanzar en nada. Nos falta regular, traer experiencia y entender que la tecnolog\u00eda no tiene que ser de punta\u201d, explic\u00f3 <strong>Libreros<\/strong>. <\/span><\/span><\/p>\n<p class=\"p1\"><span class=\"s1\" style=\"font-size: 14pt; font-family: tahoma, arial, helvetica, sans-serif;\">Tambi\u00e9n se refiri\u00f3 al marco jur\u00eddico que debe manejarse en los pr\u00f3ximos meses. \u201cEl presidente no va a refrendar la ley de la paz total. Se va a quedar sin esas herramientas para hacer la ley de sometimiento a la justicia, el tiempo que queda para que salga esa ley es muy peligroso para las comunidades. Si no se protegen habr\u00e1 fuertes confrontaciones\u201d, apunt\u00f3.<\/span><\/p>\n<p><span style=\"font-size: 14pt; font-family: tahoma, arial, helvetica, sans-serif;\">El video del debate de Hora20 es el siguiente:<\/span><\/p>\n<p><iframe hcb-fetch-image-from=\"https:\/\/youtu.be\/z-Dl3PefeLk?si=BR4rtBaG2RXjBYgI\" title=\"Los pilares y la din\u00e1mica operacional de la fuerza p\u00fablica | Hora 20\" width=\"640\" height=\"360\" src=\"https:\/\/www.youtube.com\/embed\/z-Dl3PefeLk?feature=oembed\" frameborder=\"0\" allow=\"accelerometer; autoplay; clipboard-write; encrypted-media; gyroscope; picture-in-picture; web-share\" referrerpolicy=\"strict-origin-when-cross-origin\" allowfullscreen><\/iframe><\/p>\n<p><iframe hcb-fetch-image-from=\"https:\/\/youtu.be\/oYhakTLYvf8?si=91tk1CPyqMf2sDCo\" title=\"\u00bfOperaciones militares deben ajustarse a la naturaleza de cada amenaza criminal? | Hora 20\" width=\"640\" height=\"360\" src=\"https:\/\/www.youtube.com\/embed\/oYhakTLYvf8?feature=oembed\" frameborder=\"0\" allow=\"accelerometer; autoplay; clipboard-write; encrypted-media; gyroscope; picture-in-picture; web-share\" referrerpolicy=\"strict-origin-when-cross-origin\" allowfullscreen><\/iframe><\/p>\n<p><iframe hcb-fetch-image-from=\"https:\/\/youtu.be\/xodWs_lmuFo?si=o_kOQB9s0ndfJN17\" title=\"El riguroso proceso t\u00e9cnico y los filtros legales detr\u00e1s de cada misi\u00f3n de bombardeo | Hora 20\" width=\"640\" height=\"360\" src=\"https:\/\/www.youtube.com\/embed\/xodWs_lmuFo?feature=oembed\" frameborder=\"0\" allow=\"accelerometer; autoplay; clipboard-write; encrypted-media; gyroscope; picture-in-picture; web-share\" referrerpolicy=\"strict-origin-when-cross-origin\" allowfullscreen><\/iframe><\/p>\n<p><span style=\"font-size: 14pt; font-family: tahoma, arial, helvetica, sans-serif;\">El audio del debate de Hora20 es el siguiente:<\/span><\/p>\n<!--[if lt IE 9]><script>document.createElement('audio');<\/script><![endif]-->\n<audio class=\"wp-audio-shortcode\" id=\"audio-5130-1\" preload=\"none\" style=\"width: 100%;\" controls=\"controls\"><source type=\"audio\/mpeg\" src=\"https:\/\/jairolibreros.com\/wp-content\/uploads\/2026\/09\/Bombardeos-y-estrategias-de-seguridad-del-Gobierno-De-la-Espriella.-Hora20-Caracol-Radio.-Jairo-Libreros.-2026.mp3?_=1\" \/><a href=\"https:\/\/jairolibreros.com\/wp-content\/uploads\/2026\/09\/Bombardeos-y-estrategias-de-seguridad-del-Gobierno-De-la-Espriella.-Hora20-Caracol-Radio.-Jairo-Libreros.-2026.mp3\">https:\/\/jairolibreros.com\/wp-content\/uploads\/2026\/09\/Bombardeos-y-estrategias-de-seguridad-del-Gobierno-De-la-Espriella.-Hora20-Caracol-Radio.-Jairo-Libreros.-2026.mp3<\/a><\/audio>\n<p>&nbsp;<\/p>\n<p><span style=\"font-size: 14pt; font-family: tahoma, arial, helvetica, sans-serif;\">El link de Hora20 de Caracol Radio es el siguientes:<\/span><\/p>\n<p class=\"p2\"><span class=\"s1\" style=\"font-size: 14pt; font-family: tahoma, arial, helvetica, sans-serif;\"><a href=\"https:\/\/caracol.com.co\/2026\/09\/02\/analisis-bombardeos-y-estrategias-de-seguridad-durante-las-primeras-semanas-del-gobierno\/\"><span style=\"text-decoration: underline;\">https:\/\/caracol.com.co\/2026\/09\/02\/analisis-bombardeos-y-estrategias-de-seguridad-durante-las-primeras-semanas-del-gobierno\/<\/span><\/a> <\/span><\/p>\n<p style=\"text-align: right;\"><span style=\"font-size: 14pt; font-family: tahoma, arial, helvetica, sans-serif;\"><strong><span class=\"s4\"><a href=\"https:\/\/jairolibreros.com\/\"><span style=\"text-decoration: underline;\">Blog de Jairo Libreros<\/span><\/a><\/span><\/strong><\/span><\/p>\n","protected":false},"excerpt":{"rendered":"<p>Bombardeos y estrategias de seguridad durante las primeras semanas del Gobierno Nacional Caracol Radio \u2022 Hora20 \u2022 Sebasti\u00e1n Ram\u00edrez \u2022 01.09.2026 Mi ayuda <\/p>\n","protected":false},"author":1,"featured_media":5132,"comment_status":"open","ping_status":"open","sticky":false,"template":"","format":"standard","meta":{"om_disable_all_campaigns":false,"_monsterinsights_skip_tracking":false,"footnotes":""},"categories":[94,1],"tags":[54,90,97,53,39],"aioseo_notices":[],"class_list":["post-5130","post","type-post","status-publish","format-standard","has-post-thumbnail","hentry","category-caracol-radio","category-jairo-libreros","tag-comunicacion-politica","tag-seguridad-y-defensa-nacional","tag-inteligencia-estrategica","tag-politicas-publicas","tag-seguridad-ciudadana"],"_links":{"self":[{"href":"https:\/\/jairolibreros.com\/index.php?rest_route=\/wp\/v2\/posts\/5130"}],"collection":[{"href":"https:\/\/jairolibreros.com\/index.php?rest_route=\/wp\/v2\/posts"}],"about":[{"href":"https:\/\/jairolibreros.com\/index.php?rest_route=\/wp\/v2\/types\/post"}],"author":[{"embeddable":true,"href":"https:\/\/jairolibreros.com\/index.php?rest_route=\/wp\/v2\/users\/1"}],"replies":[{"embeddable":true,"href":"https:\/\/jairolibreros.com\/index.php?rest_route=%2Fwp%2Fv2%2Fcomments&post=5130"}],"version-history":[{"count":6,"href":"https:\/\/jairolibreros.com\/index.php?rest_route=\/wp\/v2\/posts\/5130\/revisions"}],"predecessor-version":[{"id":5140,"href":"https:\/\/jairolibreros.com\/index.php?rest_route=\/wp\/v2\/posts\/5130\/revisions\/5140"}],"wp:featuredmedia":[{"embeddable":true,"href":"https:\/\/jairolibreros.com\/index.php?rest_route=\/wp\/v2\/media\/5132"}],"wp:attachment":[{"href":"https:\/\/jairolibreros.com\/index.php?rest_route=%2Fwp%2Fv2%2Fmedia&parent=5130"}],"wp:term":[{"taxonomy":"category","embeddable":true,"href":"https:\/\/jairolibreros.com\/index.php?rest_route=%2Fwp%2Fv2%2Fcategories&post=5130"},{"taxonomy":"post_tag","embeddable":true,"href":"https:\/\/jairolibreros.com\/index.php?rest_route=%2Fwp%2Fv2%2Ftags&post=5130"}],"curies":[{"name":"wp","href":"https:\/\/api.w.org\/{rel}","templated":true}]}}