{"id":764,"date":"2022-05-28T16:50:40","date_gmt":"2022-05-28T16:50:40","guid":{"rendered":"https:\/\/jairolibreros.com\/?p=764"},"modified":"2025-05-10T20:23:28","modified_gmt":"2025-05-10T20:23:28","slug":"el-fbi-ha-designado-61-tiroteos-en-2021-como-incidentes-de-tiradores-activos","status":"publish","type":"post","link":"https:\/\/jairolibreros.com\/?p=764","title":{"rendered":"El FBI ha designado 61 tiroteos en 2021 como incidentes de tiradores activos"},"content":{"rendered":"<p class=\"p1\"><span style=\"font-size: 14pt; font-family: tahoma, arial, helvetica, sans-serif;\"><strong>El FBI ha designado 61 tiroteos en 2021 como incidentes de tiradores activos<\/strong><\/span><\/p>\n<p><span style=\"text-decoration: underline; font-family: tahoma, arial, helvetica, sans-serif; font-size: 14pt;\"><strong><a href=\"https:\/\/jairolibreros.com\/?page_id=3689\">Jairo Libreros<\/a><\/strong><\/span><\/p>\n<p><span style=\"font-size: 14pt; font-family: tahoma, arial, helvetica, sans-serif;\">Seg\u00fan el FBI, en EEUU se define a &#8220;un tirador activo como una o m\u00e1s personas involucradas activamente en matar o intentar matar personas en un \u00e1rea poblada. Impl\u00edcito en esta definici\u00f3n est\u00e1 el uso de un arma de fuego por parte del tirador.<span class=\"Apple-converted-space\">\u00a0 <\/span>El aspecto activo de la definici\u00f3n implica inherentemente la naturaleza continua de un incidente y, por lo tanto, la posibilidad de que la respuesta afecte el resultado&#8221;: <strong>Jairo Libreros<\/strong>.<\/span><\/p>\n<p><span style=\"font-size: 14pt; font-family: tahoma, arial, helvetica, sans-serif;\">El FBI public\u00f3 public\u00f3 un informe\ud83d\udc47\ud83c\udffd que recoge los incidentes de tiradores activos en EEUU durante el 2021:<\/span><\/p>\n<p><span style=\"font-size: 14pt; font-family: tahoma, arial, helvetica, sans-serif;\"><a href=\"https:\/\/jairolibreros.com\/wp-content\/uploads\/2022\/05\/active-shooter-incidents-in-the-us-2021-052322.pdf\"><span style=\"text-decoration: underline;\">active-shooter-incidents-in-the-us-2021-052322<\/span><\/a><\/span><\/p>\n<p><span style=\"font-size: 14pt; font-family: tahoma, arial, helvetica, sans-serif;\">Igualmente, es una referencia metodol\u00f3gica que permite analizar diferentes categor\u00edas acad\u00e9micas aplicables a la seguridad ciudadana, como un est\u00e1ndar que podemos estudiar para los fen\u00f3menos de violencia y de homicidios seriales en Colombia y Am\u00e9rica Latina.<\/span><\/p>\n<p><span style=\"font-size: 14pt; font-family: tahoma, arial, helvetica, sans-serif;\">\ud83e\uddf5 de <strong>Jairo Libreros<\/strong> en Twitter:<\/span><\/p>\n<blockquote hcb-fetch-image-from=\"https:\/\/twitter.com\/JairoLibreros\/status\/1528913726199549952?s=20&amp;t=-3pK3G5L2tlCgkZKtmJ0fQ\" class=\"twitter-tweet\" data-width=\"550\" data-dnt=\"true\">\n<p lang=\"es\" dir=\"ltr\">&quot;El informe (FBI) tambi\u00e9n destac\u00f3 lo que llam\u00f3 \u201cuna tendencia emergente que involucra tiradores activos itinerantes; espec\u00edficamente, tiradores que disparan en m\u00faltiples lugares, ya sea en un d\u00eda o en varios lugares durante varios d\u00edas\u201d&quot;, <a href=\"https:\/\/twitter.com\/washingtonpost?ref_src=twsrc%5Etfw\">@washingtonpost<\/a> <a href=\"https:\/\/t.co\/sZtajdHxIk\">https:\/\/t.co\/sZtajdHxIk<\/a><\/p>\n<p>&mdash; Jairo Libreros (@JairoLibreros) <a href=\"https:\/\/twitter.com\/JairoLibreros\/status\/1528913726199549952?ref_src=twsrc%5Etfw\">May 24, 2022<\/a><\/p><\/blockquote>\n<p><script async src=\"https:\/\/platform.twitter.com\/widgets.js\" charset=\"utf-8\"><\/script><\/p>\n<blockquote hcb-fetch-image-from=\"https:\/\/twitter.com\/JairoLibreros\/status\/1528916135055396865?s=20&amp;t=-3pK3G5L2tlCgkZKtmJ0fQ\" class=\"twitter-tweet\" data-width=\"550\" data-dnt=\"true\">\n<p lang=\"es\" dir=\"ltr\">Incidentes de tiradores activos en los Estados Unidos en 2021: El FBI ha designado 61 tiroteos en 2021 como incidentes de tiradores activos&#8230;<a href=\"https:\/\/t.co\/vGPJDMYisu\">https:\/\/t.co\/vGPJDMYisu<\/a><\/p>\n<p>&mdash; Jairo Libreros (@JairoLibreros) <a href=\"https:\/\/twitter.com\/JairoLibreros\/status\/1528916135055396865?ref_src=twsrc%5Etfw\">May 24, 2022<\/a><\/p><\/blockquote>\n<p><script async src=\"https:\/\/platform.twitter.com\/widgets.js\" charset=\"utf-8\"><\/script><\/p>\n<blockquote hcb-fetch-image-from=\"https:\/\/twitter.com\/JairoLibreros\/status\/1528916363091267584?s=20&amp;t=-3pK3G5L2tlCgkZKtmJ0fQ\" class=\"twitter-tweet\" data-width=\"550\" data-dnt=\"true\">\n<p lang=\"es\" dir=\"ltr\">&#8230; El FBI define a un tirador activo como una o m\u00e1s personas involucradas activamente en matar o intentar matar personas en un \u00e1rea poblada.<a href=\"https:\/\/t.co\/vGPJDMYisu\">https:\/\/t.co\/vGPJDMYisu<\/a><\/p>\n<p>&mdash; Jairo Libreros (@JairoLibreros) <a href=\"https:\/\/twitter.com\/JairoLibreros\/status\/1528916363091267584?ref_src=twsrc%5Etfw\">May 24, 2022<\/a><\/p><\/blockquote>\n<p><script async src=\"https:\/\/platform.twitter.com\/widgets.js\" charset=\"utf-8\"><\/script><\/p>\n<blockquote hcb-fetch-image-from=\"https:\/\/twitter.com\/JairoLibreros\/status\/1529213454933950465?s=20&amp;t=-3pK3G5L2tlCgkZKtmJ0fQ\" class=\"twitter-tweet\" data-width=\"550\" data-dnt=\"true\">\n<p lang=\"es\" dir=\"ltr\">FBI:\u201cLos tiroteos dejaron 103 personas fallecidas y (m\u00e1s de 100 heridos)\u2026Estas cifras no contemplan a los perpetradores. Uno de cada cinco situaciones en las que hay un tirador activo deriva en un tiroteo masivo en el que al menos tres personas pierden la vida\u201d, <a href=\"https:\/\/twitter.com\/elpais_america?ref_src=twsrc%5Etfw\">@elpais_america<\/a> <a href=\"https:\/\/t.co\/jWuHireSNQ\">https:\/\/t.co\/jWuHireSNQ<\/a><\/p>\n<p>&mdash; Jairo Libreros (@JairoLibreros) <a href=\"https:\/\/twitter.com\/JairoLibreros\/status\/1529213454933950465?ref_src=twsrc%5Etfw\">May 24, 2022<\/a><\/p><\/blockquote>\n<p><script async src=\"https:\/\/platform.twitter.com\/widgets.js\" charset=\"utf-8\"><\/script><\/p>\n<blockquote hcb-fetch-image-from=\"https:\/\/twitter.com\/JairoLibreros\/status\/1529215962033299456?s=20&amp;t=-3pK3G5L2tlCgkZKtmJ0fQ\" class=\"twitter-tweet\" data-width=\"550\" data-dnt=\"true\">\n<p lang=\"es\" dir=\"ltr\">Los tiroteos no se detienen en EEUU. En una escuela primaria de la ciudad de Uvalde, Texas, un tirador dej\u00f3 quince v\u00edctimas fatales, catorce estudiantes menores de edad y un profesor.<\/p>\n<p>&mdash; Jairo Libreros (@JairoLibreros) <a href=\"https:\/\/twitter.com\/JairoLibreros\/status\/1529215962033299456?ref_src=twsrc%5Etfw\">May 24, 2022<\/a><\/p><\/blockquote>\n<p><script async src=\"https:\/\/platform.twitter.com\/widgets.js\" charset=\"utf-8\"><\/script><\/p>\n<blockquote hcb-fetch-image-from=\"https:\/\/twitter.com\/JairoLibreros\/status\/1529217680095453190?s=20&amp;t=-3pK3G5L2tlCgkZKtmJ0fQ\" class=\"twitter-tweet\" data-width=\"550\" data-dnt=\"true\">\n<p lang=\"es\" dir=\"ltr\">En EEUU o en Am\u00e9rica Latina la libre circulaci\u00f3n de armas en manos civiles, sin restricciones ni control policial de armas, no es seguridad ciudadana\ud83d\udc47\ud83c\udffd <a href=\"https:\/\/t.co\/ULR7XlfFMo\">https:\/\/t.co\/ULR7XlfFMo<\/a><\/p>\n<p>&mdash; Jairo Libreros (@JairoLibreros) <a href=\"https:\/\/twitter.com\/JairoLibreros\/status\/1529217680095453190?ref_src=twsrc%5Etfw\">May 24, 2022<\/a><\/p><\/blockquote>\n<p><script async src=\"https:\/\/platform.twitter.com\/widgets.js\" charset=\"utf-8\"><\/script><\/p>\n<blockquote hcb-fetch-image-from=\"https:\/\/twitter.com\/JairoLibreros\/status\/1529241166830612486?s=20&amp;t=-3pK3G5L2tlCgkZKtmJ0fQ\" class=\"twitter-tweet\" data-width=\"550\" data-dnt=\"true\">\n<p lang=\"es\" dir=\"ltr\">&quot;Esto solo sucede en este pa\u00eds y en ning\u00fan otro lugar. En ning\u00fan otro lugar los ni\u00f1os peque\u00f1os van a la escuela pensando que podr\u00edan recibir un disparo ese d\u00eda\u201d, senador de EEUU <a href=\"https:\/\/twitter.com\/ChrisMurphyCT?ref_src=twsrc%5Etfw\">@ChrisMurphyCT<\/a> <a href=\"https:\/\/t.co\/qdX8yxOzyt\">https:\/\/t.co\/qdX8yxOzyt<\/a><\/p>\n<p>&mdash; Jairo Libreros (@JairoLibreros) <a href=\"https:\/\/twitter.com\/JairoLibreros\/status\/1529241166830612486?ref_src=twsrc%5Etfw\">May 24, 2022<\/a><\/p><\/blockquote>\n<p><script async src=\"https:\/\/platform.twitter.com\/widgets.js\" charset=\"utf-8\"><\/script><\/p>\n<blockquote hcb-fetch-image-from=\"https:\/\/twitter.com\/JairoLibreros\/status\/1529257787590643716?s=20&amp;t=-3pK3G5L2tlCgkZKtmJ0fQ\" class=\"twitter-tweet\" data-width=\"550\" data-dnt=\"true\">\n<p lang=\"es\" dir=\"ltr\">La producci\u00f3n y venta de armas en EEUU no tiene techo <a href=\"https:\/\/t.co\/DIcxwj089Q\">https:\/\/t.co\/DIcxwj089Q<\/a><\/p>\n<p>&mdash; Jairo Libreros (@JairoLibreros) <a href=\"https:\/\/twitter.com\/JairoLibreros\/status\/1529257787590643716?ref_src=twsrc%5Etfw\">May 25, 2022<\/a><\/p><\/blockquote>\n<p><script async src=\"https:\/\/platform.twitter.com\/widgets.js\" charset=\"utf-8\"><\/script><\/p>\n<blockquote hcb-fetch-image-from=\"https:\/\/twitter.com\/JairoLibreros\/status\/1529261112075735047?s=20&amp;t=-3pK3G5L2tlCgkZKtmJ0fQ\" class=\"twitter-tweet\" data-width=\"550\" data-dnt=\"true\">\n<p lang=\"es\" dir=\"ltr\">Quien si tiene techo -y bajito- es el fiscal general de Texas: \u00a1armar a los profesores! <a href=\"https:\/\/t.co\/sIBlo3KSVl\">https:\/\/t.co\/sIBlo3KSVl<\/a><\/p>\n<p>&mdash; Jairo Libreros (@JairoLibreros) <a href=\"https:\/\/twitter.com\/JairoLibreros\/status\/1529261112075735047?ref_src=twsrc%5Etfw\">May 25, 2022<\/a><\/p><\/blockquote>\n<p><script async src=\"https:\/\/platform.twitter.com\/widgets.js\" charset=\"utf-8\"><\/script><\/p>\n<blockquote hcb-fetch-image-from=\"https:\/\/twitter.com\/JairoLibreros\/status\/1533479472439099394?s=20&amp;t=aS3QD0y2RdJquw2HCgRJ9Q\" class=\"twitter-tweet\" data-width=\"550\" data-dnt=\"true\">\n<p lang=\"es\" dir=\"ltr\">En Canad\u00e1, el primer ministro <a href=\"https:\/\/twitter.com\/JustinTrudeau?ref_src=twsrc%5Etfw\">@JustinTrudeau<\/a> regular\u00e1 el mercado de  las armas de fuego\u2935\ufe0f <a href=\"https:\/\/t.co\/1uLb3bXHu6\">https:\/\/t.co\/1uLb3bXHu6<\/a><\/p>\n<p>&mdash; Jairo Libreros (@JairoLibreros) <a href=\"https:\/\/twitter.com\/JairoLibreros\/status\/1533479472439099394?ref_src=twsrc%5Etfw\">June 5, 2022<\/a><\/p><\/blockquote>\n<p><script async src=\"https:\/\/platform.twitter.com\/widgets.js\" charset=\"utf-8\"><\/script><\/p>\n<blockquote hcb-fetch-image-from=\"https:\/\/twitter.com\/jairolibreros\/status\/1533491154070687744?s=21&amp;t=dVR4RcrH0mbFJrZZTFS7mw\" class=\"twitter-tweet\" data-width=\"550\" data-dnt=\"true\">\n<p lang=\"es\" dir=\"ltr\">\u201cDesde la masacre en Texas el 24 de mayo, en donde murieron 21 personas, ha habido m\u00e1s de veinte tiroteos con varias v\u00edctimas en Estados Unidos, seg\u00fan datos de la\u00a0asociaci\u00f3n Gun Violence Archive\u201d, <a href=\"https:\/\/twitter.com\/ELTIEMPO?ref_src=twsrc%5Etfw\">@eltiempo<\/a> <a href=\"https:\/\/t.co\/HyIK8Sxle6\">https:\/\/t.co\/HyIK8Sxle6<\/a><\/p>\n<p>&mdash; Jairo Libreros (@JairoLibreros) <a href=\"https:\/\/twitter.com\/JairoLibreros\/status\/1533491154070687744?ref_src=twsrc%5Etfw\">June 5, 2022<\/a><\/p><\/blockquote>\n<p><script async src=\"https:\/\/platform.twitter.com\/widgets.js\" charset=\"utf-8\"><\/script><\/p>\n<blockquote hcb-fetch-image-from=\"https:\/\/twitter.com\/JairoLibreros\/status\/1533830606643240962?s=20&amp;t=tYvlsk-9R8V48WJX4VSRxg\" class=\"twitter-tweet\" data-width=\"550\" data-dnt=\"true\">\n<p lang=\"es\" dir=\"ltr\">El control de armas en seguridad ciudadana no se agota en las restricciones al mercado, al porte y tenencia o en la verificaci\u00f3n del cumplimiento en el espacio p\u00fablico y en campa\u00f1as desarme de la poblaci\u00f3n, entre otras estrategias\u2026 <a href=\"https:\/\/t.co\/Z1ZB3yFY3P\">https:\/\/t.co\/Z1ZB3yFY3P<\/a><\/p>\n<p>&mdash; Jairo Libreros (@JairoLibreros) <a href=\"https:\/\/twitter.com\/JairoLibreros\/status\/1533830606643240962?ref_src=twsrc%5Etfw\">June 6, 2022<\/a><\/p><\/blockquote>\n<p><script async src=\"https:\/\/platform.twitter.com\/widgets.js\" charset=\"utf-8\"><\/script><\/p>\n<blockquote hcb-fetch-image-from=\"https:\/\/twitter.com\/JairoLibreros\/status\/1533834667320922112?s=20&amp;t=tYvlsk-9R8V48WJX4VSRxg\" class=\"twitter-tweet\" data-width=\"550\" data-dnt=\"true\">\n<p lang=\"es\" dir=\"ltr\">Del debate sobre control de armas se destaca la regulaci\u00f3n nacional de seguridad ciudadana, la asimilaci\u00f3n de los principios del uso de la fuerza -legalidad, necesidad, proporcionalidad, reducci\u00f3n de da\u00f1os- y las pol\u00edticas p\u00fablicas locales de cumplimiento y convivencia pac\u00edfica\u2935\ufe0f <a href=\"https:\/\/t.co\/1i1AKab3lx\">https:\/\/t.co\/1i1AKab3lx<\/a><\/p>\n<p>&mdash; Jairo Libreros (@JairoLibreros) <a href=\"https:\/\/twitter.com\/JairoLibreros\/status\/1533834667320922112?ref_src=twsrc%5Etfw\">June 6, 2022<\/a><\/p><\/blockquote>\n<p><script async src=\"https:\/\/platform.twitter.com\/widgets.js\" charset=\"utf-8\"><\/script><\/p>\n<p style=\"text-align: left;\"><span style=\"font-size: 14pt; font-family: tahoma, arial, helvetica, sans-serif;\">Por \u00faltimo, les dejo una reflexi\u00f3n sobre el papel negativo, riesgo y contraevidente de las decisiones de pol\u00edtica p\u00fablica que se sustentan en facilitar el porte de armas en manos particulares como una soluci\u00f3n de seguridad ciudadana:<\/span><\/p>\n<p style=\"text-align: center;\"><span style=\"font-size: 14pt; font-family: tahoma, arial, helvetica, sans-serif;\"><strong>Un mayor n\u00famero de armas no reduce la tasa de homicidios de un pa\u00eds<\/strong><\/span><\/p>\n<p><span style=\"font-size: 14pt; font-family: tahoma, arial, helvetica, sans-serif;\"><em>EFE. Bogot\u00e1 D.C., Colombia: 21 de enero de 2022<\/em><\/span><\/p>\n<p><span style=\"font-size: 14pt; font-family: tahoma, arial, helvetica, sans-serif;\">Una gran cantidad de civiles armados no garantiza que haya menos homicidios en un pa\u00eds, ya que el nivel de violencia depende de muchos otros factores, como el narcotr\u00e1fico, la corrupci\u00f3n de las fuerzas de seguridad o la eficacia del sistema judicial.<\/span><\/p>\n<p><span style=\"font-size: 14pt; font-family: tahoma, arial, helvetica, sans-serif;\">Un\u00a0<a href=\"https:\/\/twitter.com\/g_quadri\/status\/1478424902965379072\" target=\"_blank\" rel=\"nofollow noopener\">tuit<\/a>\u00a0con m\u00e1s de 1.000 \u00ab\u00a0<em>me gusta<\/em>\u00a0\u00bb del diputado mexicano\u00a0<strong>Gabriel Quadri de la Torre<\/strong>\u00a0, del partido opositor Acci\u00f3n Nacional (PAN), asegura que es \u00ab\u00a0<em>una vulgar mentira<\/em>\u00a0\u00bb que las armas causan violencia y crimen.<\/span><\/p>\n<p><span style=\"font-size: 14pt; font-family: tahoma, arial, helvetica, sans-serif;\">En \u00ab\u00a0<em>Estados Unidos, Canad\u00e1, Suiza, Finlandia y muchos pa\u00edses hay m\u00e1s armas que poblaci\u00f3n<\/em>\u00a0\u00bb, pero \u00ab\u00a0<em>sus tasas de otros homicidios son infinitamente m\u00e1s bajas que en M\u00e9xico\u00bb<\/em>\u00a0, asegura.<\/span><\/p>\n<p class=\"wp-block-image size-full\"><span style=\"font-size: 14pt; font-family: tahoma, arial, helvetica, sans-serif;\"><img fetchpriority=\"high\" decoding=\"async\" class=\"wp-image-9093\" src=\"https:\/\/verifica.efe.com\/wp-content\/uploads\/2022\/01\/Armas-1.jpg\" sizes=\"(max-width: 609px) 100vw, 609px\" srcset=\"https:\/\/verifica.efe.com\/wp-content\/uploads\/2022\/01\/Armas-1.jpg 609w, https:\/\/verifica.efe.com\/wp-content\/uploads\/2022\/01\/Armas-1-300x169.jpg 300w, https:\/\/verifica.efe.com\/wp-content\/uploads\/2022\/01\/Armas-1-370x208.jpg 370w, https:\/\/verifica.efe.com\/wp-content\/uploads\/2022\/01\/Armas-1-270x152.jpg?crop=1 270w\" alt=\"\" width=\"609\" height=\"343\" \/><\/span><\/p>\n<p><span style=\"font-size: 14pt; font-family: tahoma, arial, helvetica, sans-serif;\">Otros\u00a0<a href=\"https:\/\/twitter.com\/Mijailanarco\/status\/1482203135120711680\" target=\"_blank\" rel=\"nofollow noopener\">usuarios<\/a>\u00a0han vertido en redes mensajes similares la \u00faltima semana, como un\u00a0<a href=\"https:\/\/twitter.com\/AXELKAISER\/status\/1482169083638464518\" target=\"_blank\" rel=\"nofollow noopener\">analista<\/a>\u00a0chileno que tambi\u00e9n vincula la regulaci\u00f3n del control de armas con las tasas de homicidios, en un tuit con m\u00e1s de 7.000 \u00ab\u00a0<em>me gustas<\/em>\u00a0\u00bb.<\/span><\/p>\n<p><span style=\"font-size: 14pt; font-family: tahoma, arial, helvetica, sans-serif;\">Un debate avivado en Chile tras aprobarse en el Congreso un proyecto de reforma de la Ley de Control de Armas para hacer m\u00e1s estricta la legislaci\u00f3n en materia de posesi\u00f3n, tr\u00e1fico y utilizaci\u00f3n de armas de fuego.<\/span><\/p>\n<p><span style=\"font-size: 14pt; font-family: tahoma, arial, helvetica, sans-serif;\"><strong>ESTADOS UNIDOS, MAS ARMAS QUE PERSONAS<\/strong><\/span><\/p>\n<p><span style=\"font-size: 14pt; font-family: tahoma, arial, helvetica, sans-serif;\">Estados Unidos es el \u00fanico pa\u00eds con m\u00e1s armas que personas, y algunas de sus ciudades tienen una tasa de homicidios m\u00e1s alta que Ciudad de M\u00e9xico.\u00a0Lo cierto es que no hay una relaci\u00f3n causal entre el n\u00famero de armas y el nivel de violencia, pues depende de muchos factores, como aseguran varios expertos a\u00a0<strong>EFE Verifica.<\/strong><\/span><\/p>\n<p><span style=\"font-size: 14pt; font-family: tahoma, arial, helvetica, sans-serif;\">Los \u00faltimos datos del estudio suizo Small Arms Survey, encuesta que estima la cantidad de armas ligeras en manos de civiles en el mundo, tanto legales como ilegales, muestra que en el a\u00f1o 2017 no hab\u00eda ning\u00fan pa\u00eds con m\u00e1s armas que su poblaci\u00f3n, excepto Estados Unidos.<\/span><\/p>\n<p><span style=\"font-size: 14pt; font-family: tahoma, arial, helvetica, sans-serif;\">El pa\u00eds norteamericano cuenta con un total estimado de 393,4 millones de armas, m\u00e1s que el total de sus habitantes, unos 326 millones.\u00a0Eso significa que hay 120,5 armas por cada 100 personas.<\/span><\/p>\n<p><span style=\"font-size: 14pt; font-family: tahoma, arial, helvetica, sans-serif;\">Canad\u00e1, Suiza y Finlandia tienen una tasa de 34,7;\u00a027,6 y 32,4 armas por cada 100 personas, respectivamente.<\/span><\/p>\n<p><span style=\"font-size: 14pt; font-family: tahoma, arial, helvetica, sans-serif;\">M\u00e9xico tiene menos, 12,9, pero no es un n\u00famero menor comparado con el resto de la regi\u00f3n.\u00a0Es el quinto pa\u00eds de m\u00e1s de un mill\u00f3n de personas con m\u00e1s armas por cada cien habitantes de Am\u00e9rica Latina y el Caribe, por detr\u00e1s de Uruguay (34,7) o Venezuela (18,5).<\/span><\/p>\n<p><span style=\"font-size: 14pt; font-family: tahoma, arial, helvetica, sans-serif;\">En cuanto a la tasa de homicidios, seg\u00fan la Oficina de Naciones Unidas de la Droga y el Delito (UNODC), M\u00e9xico tiene 29,1 v\u00edctimas de homicidios por cada 100.000 habitantes y Estados Unidos tiene 5;\u00a0m\u00e1s que Canad\u00e1 (1,8), Finlandia (1,6) y Suiza (0,6).<\/span><\/p>\n<p><span style=\"font-size: 14pt; font-family: tahoma, arial, helvetica, sans-serif;\"><strong>M\u00c1S ARMAS NO EQUIVALEN A M\u00c1S SEGURIDAD<\/strong><\/span><\/p>\n<p><span style=\"font-size: 14pt; font-family: tahoma, arial, helvetica, sans-serif;\">A pesar de estas cifras, no hay una relaci\u00f3n directa entre la cantidad de civiles armados y la seguridad de un pa\u00eds, explica a\u00a0<strong>EFE Verifica Jairo Libreros<\/strong>\u00a0, profesor de la Escuela de Gobierno de la Universidad Externado de Colombia.<\/span><\/p>\n<p><span style=\"font-size: 14pt; font-family: tahoma, arial, helvetica, sans-serif;\">\u00ab\u00a0<em>Cuando compara EE.\u00a0UU.\u00a0o Finlandia con M\u00e9xico hay que tener en cuenta otras variables, como que en esos pa\u00edses hay un seguimiento muy preciso de las armas y sus due\u00f1os, y un control eficaz del espacio p\u00fablico por parte de los cuerpos de polic\u00eda que patrullan las calles<\/em>\u00a0\u00ab, afirma el analista.<\/span><\/p>\n<p><span style=\"font-size: 14pt; font-family: tahoma, arial, helvetica, sans-serif;\">Tambi\u00e9n tienen fuerzas de seguridad y un sistema judicial mucho m\u00e1s eficaz en la resoluci\u00f3n de los homicidios, sin \u00ab\u00a0<em>tasas de impunidad tan altas como las de M\u00e9xico o Colombia<\/em>\u00a0\u00ab.<\/span><\/p>\n<p><span style=\"font-size: 14pt; font-family: tahoma, arial, helvetica, sans-serif;\">Adem\u00e1s, esos dos pa\u00edses cuentan con altas tasas de tr\u00e1fico il\u00edcito de armas, con una relaci\u00f3n directa, seg\u00fan\u00a0<strong>Libreros<\/strong>\u00a0, con \u00ab\u00a0<em>el narcotr\u00e1fico, donde en Colombia y M\u00e9xico las armas son una moneda de pago que utilizan los carteles\u00bb<\/em>\u00a0.<\/span><\/p>\n<p><span style=\"font-size: 14pt; font-family: tahoma, arial, helvetica, sans-serif;\">M\u00e9xico registra el periodo m\u00e1s violento de su historia en los primeros dos a\u00f1os de la presidencia de Andr\u00e9s Manuel L\u00f3pez Obrador, con 34.690 v\u00edctimas de asesinato en 2019 y 34.554 en 2020. El Gobierno ha se\u00f1alado al tr\u00e1fico de armas desde Estados Unidos como uno de los principales factores.<\/span><\/p>\n<p><span style=\"font-size: 14pt; font-family: tahoma, arial, helvetica, sans-serif;\">En ese,\u00a0<strong>Romain Le Cour<\/strong>\u00a0, coordinador del Programa de Seguridad y Reducci\u00f3n de la Violencia en la organizaci\u00f3n M\u00e9xico Eval\u00faa, asegura a\u00a0<strong>EFE Verifica<\/strong>\u00a0que la relaci\u00f3n que se observa \u00ab\u00a0<em>es con el tr\u00e1fico de armas ilegales, cuyo impacto sobre la violencia est\u00e1 m\u00e1s que demostr\u00f3<\/em>\u00a0\u00ab.<\/span><\/p>\n<p><span style=\"font-size: 14pt; font-family: tahoma, arial, helvetica, sans-serif;\"><strong>ESTADOS UNIDOS: CIUDADES CON M\u00c1S HOMICIDIOS QUE EN M\u00c9XICO<\/strong><\/span><\/p>\n<p><span style=\"font-size: 14pt; font-family: tahoma, arial, helvetica, sans-serif;\">Un an\u00e1lisis estad\u00edstico del medio mexicano Animal Pol\u00edtico, miembro de la Red Internacional de Verificaci\u00f3n (IFCN, por sus siglas en ingl\u00e9s), a la que tambi\u00e9n pertenece a\u00a0<strong>EFE Verifica<\/strong>\u00a0, mostr\u00f3 que no hab\u00eda ninguna relaci\u00f3n significativa entre el n\u00famero de armas y las tasas de homicidios en diferentes paises.<\/span><\/p>\n<p><span style=\"font-size: 14pt; font-family: tahoma, arial, helvetica, sans-serif;\">Adem\u00e1s, hay ciudades de Estados Unidos con una tasa de homicidios m\u00e1s alta que la capital de M\u00e9xico.\u00a0Por ejemplo, seg\u00fan la organizaci\u00f3n mexicana Seguridad, Justicia y Paz, la ciudad de San Luis, en Misuri, EE.UU., tuvo una tasa de 64,54 v\u00edctimas por cada 100.000 habitantes en 2019;\u00a0mientras que en Ciudad de M\u00e9xico fue de 14, seg\u00fan el Instituto Nacional de Estad\u00edstica y Geograf\u00eda (INEGI) de M\u00e9xico.<\/span><\/p>\n<p><span style=\"font-size: 14pt; font-family: tahoma, arial, helvetica, sans-serif;\"><strong>FUENTES:<\/strong><\/span><\/p>\n<p><span style=\"font-size: 14pt; font-family: tahoma, arial, helvetica, sans-serif;\"><strong>Jairo Libreros, profesor de la Escuela de Gobierno de la Universidad Externado de Colombia<\/strong>\u00a0.<\/span><\/p>\n<p><span style=\"font-size: 14pt; font-family: tahoma, arial, helvetica, sans-serif;\">Romain Le Cour, coordinador del Programa de Seguridad y Reducci\u00f3n de la Violencia en la organizaci\u00f3n M\u00e9xico Eval\u00faa.<\/span><\/p>\n<p><span style=\"font-size: 14pt; font-family: tahoma, arial, helvetica, sans-serif;\"><a href=\"https:\/\/www.files.ethz.ch\/isn\/140353\/SAS-Research-Note-9-ESP.pdf\" target=\"_blank\" rel=\"nofollow noopener\">Notes of research.\u00a0Estimaci\u00f3n de las armas de fuego en posesi\u00f3n de civiles<\/a>\u00a0, de 2011, Small Arms Survey.<\/span><\/p>\n<p><span style=\"font-size: 14pt; font-family: tahoma, arial, helvetica, sans-serif;\"><a href=\"https:\/\/www.smallarmssurvey.org\/sites\/default\/files\/resources\/SAS-BP-Civilian-held-firearms-annexe.pdf\" target=\"_blank\" rel=\"nofollow noopener\">Base de datos<\/a>\u00a0\u201cArmas en manos de civiles\u201d, de 2017, Small Arms Survey.<\/span><\/p>\n<p><span style=\"font-size: 14pt; font-family: tahoma, arial, helvetica, sans-serif;\"><a href=\"https:\/\/www.smallarmssurvey.org\/database\/global-firearms-holdings\" target=\"_blank\" rel=\"nofollow noopener\">Resumen ejecutivo<\/a>\u00a0\u201cArmas en manos de civiles\u201d, 2017, Small Arms Survey.<\/span><\/p>\n<p><span style=\"font-size: 14pt; font-family: tahoma, arial, helvetica, sans-serif;\"><a href=\"https:\/\/dataunodc.un.org\/content\/country-list\" target=\"_blank\" rel=\"nofollow noopener\">Base de datos<\/a>\u00a0de la UNODC por pa\u00edses.<\/span><\/p>\n<p><span style=\"font-size: 14pt; font-family: tahoma, arial, helvetica, sans-serif;\"><a href=\"https:\/\/www.who.int\/data\/data-collection-tools\/who-mortality-database\" target=\"_blank\" rel=\"nofollow noopener\">Comparaci\u00f3n de la mortalidad seg\u00fan la causa de muerte<\/a>\u00a0, por la Organizaci\u00f3n Mundial de la Salud (OMS).<\/span><\/p>\n<p><span style=\"font-size: 14pt; font-family: tahoma, arial, helvetica, sans-serif;\"><a href=\"https:\/\/library.fes.de\/pdf-files\/bueros\/la-seguridad\/09105.pdf\" target=\"_blank\" rel=\"nofollow noopener\">Armas peque\u00f1as y campa\u00f1as de desarme.\u00a0Matar los mitos y salvar las vidas<\/a>\u00a0, de Antonio Rangel Bandeira.<\/span><\/p>\n<p><span style=\"font-size: 14pt; font-family: tahoma, arial, helvetica, sans-serif;\"><a href=\"https:\/\/www.animalpolitico.com\/el-blog-de-causa-en-comun\/cinco-argumentos-pro-armas-rebatirlos\/\" target=\"_blank\" rel=\"nofollow noopener\">Cinco argumentos proarmas y c\u00f3mo rebatirlos,<\/a>\u00a0de Animal Pol\u00edtico.<\/span><\/p>\n<p><span style=\"font-size: 14pt; font-family: tahoma, arial, helvetica, sans-serif;\"><a href=\"https:\/\/www.gunpolicy.org\/es\/about\" target=\"_blank\" rel=\"nofollow noopener\">Base de datos por pa\u00edses de Gunpolicy.com<\/a><\/span><\/p>\n<p><span style=\"font-size: 14pt; font-family: tahoma, arial, helvetica, sans-serif;\"><a href=\"http:\/\/www.seguridadjusticiaypaz.org.mx\/sala-de-prensa\/1590-boletin-ranking-2019-de-las-50-ciudades-mas-violentas-del-mundo\" target=\"_blank\" rel=\"nofollow noopener\">Listado de las 50 ciudades m\u00e1s violentas del mundo<\/a>\u00a0, en 2019, por Seguridad, Justicia y Paz.<\/span><\/p>\n<p><span style=\"font-size: 14pt; font-family: tahoma, arial, helvetica, sans-serif;\"><a href=\"https:\/\/www.inegi.org.mx\/contenidos\/saladeprensa\/boletines\/2020\/EstSociodemo\/Defcioneshomicidio2019.pdf\" target=\"_blank\" rel=\"nofollow noopener\">Estad\u00edsticas preliminares de homicidios en M\u00e9xico,<\/a>\u00a0INEGI, 2020.<\/span><\/p>\n<p><span style=\"font-size: 14pt; font-family: tahoma, arial, helvetica, sans-serif;\">Informaciones de\u00a0<a href=\"https:\/\/www.efe.com\/efe\/espana\/\" target=\"_blank\" rel=\"nofollow noopener\">EFE<\/a>\u00a0.<\/span><\/p>\n<p><span style=\"font-size: 14pt; font-family: tahoma, arial, helvetica, sans-serif;\"><a href=\"https:\/\/verifica.efe.com\/mas-armas-no-garantizan-seguridad\/\">https:\/\/verifica.efe.com\/mas-armas-no-garantizan-seguridad\/\u00a0<\/a><\/span><\/p>\n<p style=\"text-align: right;\"><span style=\"text-decoration: underline; font-family: tahoma, arial, helvetica, sans-serif; font-size: 14pt;\"><a href=\"https:\/\/jairolibreros.com\/\"><strong>Blog de Jairo Libreros<\/strong><\/a><\/span><\/p>\n","protected":false},"excerpt":{"rendered":"<p>El FBI ha designado 61 tiroteos en 2021 como incidentes de tiradores activos Jairo Libreros Seg\u00fan el FBI, en EEUU se define a <\/p>\n","protected":false},"author":1,"featured_media":425,"comment_status":"open","ping_status":"open","sticky":false,"template":"","format":"standard","meta":{"om_disable_all_campaigns":false,"_monsterinsights_skip_tracking":false,"_monsterinsights_sitenote_active":false,"_monsterinsights_sitenote_note":"","_monsterinsights_sitenote_category":0,"footnotes":""},"categories":[1],"tags":[90,39],"aioseo_notices":[],"class_list":["post-764","post","type-post","status-publish","format-standard","has-post-thumbnail","hentry","category-jairo-libreros","tag-seguridad-y-defensa-nacional","tag-seguridad-ciudadana"],"_links":{"self":[{"href":"https:\/\/jairolibreros.com\/index.php?rest_route=\/wp\/v2\/posts\/764"}],"collection":[{"href":"https:\/\/jairolibreros.com\/index.php?rest_route=\/wp\/v2\/posts"}],"about":[{"href":"https:\/\/jairolibreros.com\/index.php?rest_route=\/wp\/v2\/types\/post"}],"author":[{"embeddable":true,"href":"https:\/\/jairolibreros.com\/index.php?rest_route=\/wp\/v2\/users\/1"}],"replies":[{"embeddable":true,"href":"https:\/\/jairolibreros.com\/index.php?rest_route=%2Fwp%2Fv2%2Fcomments&post=764"}],"version-history":[{"count":12,"href":"https:\/\/jairolibreros.com\/index.php?rest_route=\/wp\/v2\/posts\/764\/revisions"}],"predecessor-version":[{"id":3795,"href":"https:\/\/jairolibreros.com\/index.php?rest_route=\/wp\/v2\/posts\/764\/revisions\/3795"}],"wp:featuredmedia":[{"embeddable":true,"href":"https:\/\/jairolibreros.com\/index.php?rest_route=\/wp\/v2\/media\/425"}],"wp:attachment":[{"href":"https:\/\/jairolibreros.com\/index.php?rest_route=%2Fwp%2Fv2%2Fmedia&parent=764"}],"wp:term":[{"taxonomy":"category","embeddable":true,"href":"https:\/\/jairolibreros.com\/index.php?rest_route=%2Fwp%2Fv2%2Fcategories&post=764"},{"taxonomy":"post_tag","embeddable":true,"href":"https:\/\/jairolibreros.com\/index.php?rest_route=%2Fwp%2Fv2%2Ftags&post=764"}],"curies":[{"name":"wp","href":"https:\/\/api.w.org\/{rel}","templated":true}]}}