{"id":775,"date":"2022-05-28T17:35:19","date_gmt":"2022-05-28T17:35:19","guid":{"rendered":"https:\/\/jairolibreros.com\/?p=775"},"modified":"2025-05-10T20:26:14","modified_gmt":"2025-05-10T20:26:14","slug":"por-que-piedad-cordoba-no-declaro-el-dinero","status":"publish","type":"post","link":"https:\/\/jairolibreros.com\/?p=775","title":{"rendered":"\u00bfPor qu\u00e9 Piedad C\u00f3rdoba no declar\u00f3 el dinero?"},"content":{"rendered":"<p><span style=\"font-size: 14pt; font-family: tahoma, arial, helvetica, sans-serif;\"><strong>\u00bfPor qu\u00e9 Piedad C\u00f3rdoba no declar\u00f3 el dinero?<\/strong><\/span><\/p>\n<p><span style=\"text-decoration: underline; font-family: tahoma, arial, helvetica, sans-serif; font-size: 14pt;\"><strong><a href=\"https:\/\/jairolibreros.com\/?page_id=3689\">Jairo Libreros<\/a><\/strong><\/span><\/p>\n<p><span style=\"font-size: 14pt; font-family: tahoma, arial, helvetica, sans-serif;\"><strong>Jairo Libreros<\/strong>, analista permanente de NTN24<\/span><\/p>\n<p><span style=\"font-size: 14pt; font-family: tahoma, arial, helvetica, sans-serif;\">Un revuelo pol\u00edtico caus\u00f3 en Colombia la &#8220;retenci\u00f3n&#8221; de la senadora electa por el Pacto Hist\u00f3rico, Piedad C\u00f3rdoba, en el aeropuerto de Comayagua de Honduras.<\/span><\/p>\n<blockquote hcb-fetch-image-from=\"https:\/\/twitter.com\/AnguloNTN24\/status\/1529845866059677697?s=20&amp;t=M4hDXsVqiRWnlil-7iamvg\" class=\"twitter-tweet\" data-width=\"550\" data-dnt=\"true\">\n<p lang=\"es\" dir=\"ltr\">En <a href=\"https:\/\/twitter.com\/AnguloNTN24?ref_src=twsrc%5Etfw\">@AnguloNTN24<\/a> con <a href=\"https:\/\/twitter.com\/alemedinacasas?ref_src=twsrc%5Etfw\">@alemedinacasas<\/a> | De acuerdo con las normas internacionales, todos los pasajeros deben declarar en la boleta de aduanas cuando lleven m\u00e1s de 10 mil d\u00f3lares. \u00bfPor qu\u00e9 <a href=\"https:\/\/twitter.com\/piedadcordoba?ref_src=twsrc%5Etfw\">@piedadcordoba<\/a> no declar\u00f3? Hoy: @Alvarengalider9, <a href=\"https:\/\/twitter.com\/hashtag\/Ra%C3%BAlPineda?src=hash&amp;ref_src=twsrc%5Etfw\">#Ra\u00falPineda<\/a>, <a href=\"https:\/\/twitter.com\/daniel_urraco?ref_src=twsrc%5Etfw\">@daniel_urraco<\/a> y <a href=\"https:\/\/twitter.com\/JairoLibreros?ref_src=twsrc%5Etfw\">@JairoLibreros<\/a> <a href=\"https:\/\/t.co\/xcrE6uOXNI\">pic.twitter.com\/xcrE6uOXNI<\/a><\/p>\n<p>&mdash; \u00c1ngulo NTN24 (@AnguloNTN24) <a href=\"https:\/\/twitter.com\/AnguloNTN24\/status\/1529845866059677697?ref_src=twsrc%5Etfw\">May 26, 2022<\/a><\/p><\/blockquote>\n<p><script async src=\"https:\/\/platform.twitter.com\/widgets.js\" charset=\"utf-8\"><\/script><\/p>\n<p><span style=\"font-size: 14pt; font-family: tahoma, arial, helvetica, sans-serif;\">Se trata del porte de unos 68 mil d\u00f3lares en efectivo, unos recursos que no fueron declarados a las autoridades. Tanto la Bancada del Partido Nacional de Honduras como algunos candidatos presidenciales en Colombia piden que se investigue el origen y el destino del dinero. Incluso han insinuado que estos recursos iban dirigidos para la campa\u00f1a del aspirante izquierdista, Gustavo Petro. Por ahora, el Ministerio P\u00fablico de Honduras adelanta la investigaci\u00f3n, C\u00f3rdoba debe demostrar el origen l\u00edcito del dinero, de lo contrario podr\u00eda ser decomisado y podr\u00eda enfrentar procesos judiciales. De acuerdo con las normas internacionales, todos los pasajeros deben reportar cuando llevan m\u00e1s de 10 mil d\u00f3lares, como prevenci\u00f3n del lavado de activos: \u00bfPor qu\u00e9 Piedad C\u00f3rdoba no declar\u00f3? El an\u00e1lisis en \u00c1ngulo con el Director Ejecutivo del Instituto Nacional de Migraci\u00f3n, Allan Alvarenga, el abogado y analista pol\u00edtico, Ra\u00fal Pineda, el director del peri\u00f3dico digital STN Radio, Daniel Urraco y el experto en pol\u00edtica Latinoamericana, <strong>Jairo Libreros<\/strong>.<\/span><\/p>\n<p><span style=\"text-decoration: underline; font-size: 14pt; font-family: tahoma, arial, helvetica, sans-serif;\"><a href=\"https:\/\/www.ntn24.com\/programas\/angulo\/por-que-piedad-cordoba-no-declaro-el-dinero-397111\">https:\/\/www.ntn24.com\/programas\/angulo\/por-que-piedad-cordoba-no-declaro-el-dinero-397111<\/a><\/span><\/p>\n<p style=\"text-align: right;\"><span style=\"text-decoration: underline; font-family: tahoma, arial, helvetica, sans-serif; font-size: 14pt;\"><a href=\"https:\/\/jairolibreros.com\/\"><strong>Blog de Jairo Libreros<\/strong><\/a><\/span><\/p>\n","protected":false},"excerpt":{"rendered":"<p>\u00bfPor qu\u00e9 Piedad C\u00f3rdoba no declar\u00f3 el dinero? Jairo Libreros Jairo Libreros, analista permanente de NTN24 Un revuelo pol\u00edtico caus\u00f3 en Colombia la <\/p>\n","protected":false},"author":1,"featured_media":285,"comment_status":"open","ping_status":"open","sticky":false,"template":"","format":"standard","meta":{"om_disable_all_campaigns":false,"_monsterinsights_skip_tracking":false,"_monsterinsights_sitenote_active":false,"_monsterinsights_sitenote_note":"","_monsterinsights_sitenote_category":0,"footnotes":""},"categories":[1],"tags":[],"aioseo_notices":[],"class_list":["post-775","post","type-post","status-publish","format-standard","has-post-thumbnail","hentry","category-jairo-libreros"],"_links":{"self":[{"href":"https:\/\/jairolibreros.com\/index.php?rest_route=\/wp\/v2\/posts\/775"}],"collection":[{"href":"https:\/\/jairolibreros.com\/index.php?rest_route=\/wp\/v2\/posts"}],"about":[{"href":"https:\/\/jairolibreros.com\/index.php?rest_route=\/wp\/v2\/types\/post"}],"author":[{"embeddable":true,"href":"https:\/\/jairolibreros.com\/index.php?rest_route=\/wp\/v2\/users\/1"}],"replies":[{"embeddable":true,"href":"https:\/\/jairolibreros.com\/index.php?rest_route=%2Fwp%2Fv2%2Fcomments&post=775"}],"version-history":[{"count":6,"href":"https:\/\/jairolibreros.com\/index.php?rest_route=\/wp\/v2\/posts\/775\/revisions"}],"predecessor-version":[{"id":3796,"href":"https:\/\/jairolibreros.com\/index.php?rest_route=\/wp\/v2\/posts\/775\/revisions\/3796"}],"wp:featuredmedia":[{"embeddable":true,"href":"https:\/\/jairolibreros.com\/index.php?rest_route=\/wp\/v2\/media\/285"}],"wp:attachment":[{"href":"https:\/\/jairolibreros.com\/index.php?rest_route=%2Fwp%2Fv2%2Fmedia&parent=775"}],"wp:term":[{"taxonomy":"category","embeddable":true,"href":"https:\/\/jairolibreros.com\/index.php?rest_route=%2Fwp%2Fv2%2Fcategories&post=775"},{"taxonomy":"post_tag","embeddable":true,"href":"https:\/\/jairolibreros.com\/index.php?rest_route=%2Fwp%2Fv2%2Ftags&post=775"}],"curies":[{"name":"wp","href":"https:\/\/api.w.org\/{rel}","templated":true}]}}