{"id":787,"date":"2022-05-28T21:02:19","date_gmt":"2022-05-28T21:02:19","guid":{"rendered":"https:\/\/jairolibreros.com\/?p=787"},"modified":"2025-05-10T20:28:36","modified_gmt":"2025-05-10T20:28:36","slug":"elecciones-en-colombia-quienes-son-los-candidatos-presidenciales","status":"publish","type":"post","link":"https:\/\/jairolibreros.com\/?p=787","title":{"rendered":"Elecciones en Colombia: \u00bfqui\u00e9nes son los candidatos presidenciales?"},"content":{"rendered":"<p><span style=\"font-size: 14pt; font-family: tahoma, arial, helvetica, sans-serif;\"><strong>Elecciones en Colombia: \u00bfqui\u00e9nes son los candidatos presidenciales?<\/strong><\/span><\/p>\n<p><span style=\"text-decoration: underline; font-family: tahoma, arial, helvetica, sans-serif; font-size: 14pt;\"><strong><a href=\"https:\/\/jairolibreros.com\/?page_id=3689\">Jairo Libreros<\/a><\/strong><\/span><\/p>\n<p><span style=\"font-size: 14pt; font-family: tahoma, arial, helvetica, sans-serif;\">El perfil de los candidatos presidenciales es un recorrido ideol\u00f3gico por todo el espectro pol\u00edtico, pero uno de ellos no es de derecha, tampoco de izquierda ni mucho menos de centro: Rodolfo Hern\u00e1ndez&#8221;: <strong>Jairo Libreros<\/strong> en Contacto Directo de Ecuavisa.<\/span><\/p>\n<blockquote hcb-fetch-image-from=\"https:\/\/twitter.com\/JairoLibreros\/status\/1530652748630327297?s=20&amp;t=xrrIhoDBgSoTH3VQ7PAJxA\" class=\"twitter-tweet\" data-width=\"550\" data-dnt=\"true\">\n<p lang=\"es\" dir=\"ltr\">Elecciones en Colombia: \u00bfqui\u00e9nes son los candidatos presidenciales?, an\u00e1lisis con <a href=\"https:\/\/twitter.com\/JairoLibreros?ref_src=twsrc%5Etfw\">@JairoLibreros<\/a> en Contacto Directo <a href=\"https:\/\/twitter.com\/ecuavisa?ref_src=twsrc%5Etfw\">@ecuavisa<\/a> <a href=\"https:\/\/t.co\/CizPPX3B39\">https:\/\/t.co\/CizPPX3B39<\/a> <a href=\"https:\/\/t.co\/FoQlSv6jJV\">pic.twitter.com\/FoQlSv6jJV<\/a><\/p>\n<p>&mdash; Jairo Libreros (@JairoLibreros) <a href=\"https:\/\/twitter.com\/JairoLibreros\/status\/1530652748630327297?ref_src=twsrc%5Etfw\">May 28, 2022<\/a><\/p><\/blockquote>\n<p><script async src=\"https:\/\/platform.twitter.com\/widgets.js\" charset=\"utf-8\"><\/script><\/p>\n<p><span style=\"font-size: 14pt; font-family: tahoma, arial, helvetica, sans-serif;\"><strong>Jairo Libreros<\/strong>: &#8220;Si nos atenemos a las encuestas con fecha 20 de mayo de 2022, Colombia va a balotaje. El \u00fanico fijo en segunda vuelta es Gustavo Petro&#8221;.<\/span><\/p>\n<blockquote hcb-fetch-image-from=\"https:\/\/twitter.com\/JairoLibreros\/status\/1530655181817401344?s=20&amp;t=ZJi3Sa3GjmU5x3tnYKp2lA\" class=\"twitter-tweet\" data-width=\"550\" data-dnt=\"true\">\n<p lang=\"es\" dir=\"ltr\">\u201cSi nos atenemos a las encuestas con fecha 20 de mayo de 2022, Colombia va a balotaje. El \u00fanico fijo en segunda vuelta es Gustavo Petro\u201d, an\u00e1lisis <a href=\"https:\/\/twitter.com\/JairoLibreros?ref_src=twsrc%5Etfw\">@JairoLibreros<\/a> <a href=\"https:\/\/t.co\/CizPPX3B39\">https:\/\/t.co\/CizPPX3B39<\/a> <a href=\"https:\/\/t.co\/IgWEhrXs22\">pic.twitter.com\/IgWEhrXs22<\/a><\/p>\n<p>&mdash; Jairo Libreros (@JairoLibreros) <a href=\"https:\/\/twitter.com\/JairoLibreros\/status\/1530655181817401344?ref_src=twsrc%5Etfw\">May 28, 2022<\/a><\/p><\/blockquote>\n<p><script async src=\"https:\/\/platform.twitter.com\/widgets.js\" charset=\"utf-8\"><\/script><\/p>\n<p><span style=\"font-size: 14pt; font-family: tahoma, arial, helvetica, sans-serif;\"><strong>A partir del minuto 14.05 encontrar\u00e1n mi an\u00e1lisis sobre las elecciones en Colombia:<\/strong><\/span><\/p>\n<p><iframe hcb-fetch-image-from=\"https:\/\/www.youtube.com\/watch?v=V5z5nOvuyqE\" title=\"Abg Paola Flores Jaramillo CONTACTO DIRECTO Ve\u0301alo AQUI\u0301 completo \ud83d\udc47 NOTICIAS OPINIO\u0301N\" width=\"640\" height=\"360\" src=\"https:\/\/www.youtube.com\/embed\/V5z5nOvuyqE?feature=oembed\" frameborder=\"0\" allow=\"accelerometer; autoplay; clipboard-write; encrypted-media; gyroscope; picture-in-picture; web-share\" referrerpolicy=\"strict-origin-when-cross-origin\" allowfullscreen><\/iframe><\/p>\n<p style=\"text-align: right;\"><span style=\"text-decoration: underline; font-family: tahoma, arial, helvetica, sans-serif; font-size: 14pt;\"><a href=\"https:\/\/jairolibreros.com\/\"><strong>Blog de Jairo Libreros<\/strong><\/a><\/span><\/p>\n","protected":false},"excerpt":{"rendered":"<p>Elecciones en Colombia: \u00bfqui\u00e9nes son los candidatos presidenciales? Jairo Libreros El perfil de los candidatos presidenciales es un recorrido ideol\u00f3gico por todo el <\/p>\n","protected":false},"author":1,"featured_media":425,"comment_status":"open","ping_status":"open","sticky":false,"template":"","format":"standard","meta":{"om_disable_all_campaigns":false,"_monsterinsights_skip_tracking":false,"_monsterinsights_sitenote_active":false,"_monsterinsights_sitenote_note":"","_monsterinsights_sitenote_category":0,"footnotes":""},"categories":[1],"tags":[44],"aioseo_notices":[],"class_list":["post-787","post","type-post","status-publish","format-standard","has-post-thumbnail","hentry","category-jairo-libreros","tag-elecciones"],"_links":{"self":[{"href":"https:\/\/jairolibreros.com\/index.php?rest_route=\/wp\/v2\/posts\/787"}],"collection":[{"href":"https:\/\/jairolibreros.com\/index.php?rest_route=\/wp\/v2\/posts"}],"about":[{"href":"https:\/\/jairolibreros.com\/index.php?rest_route=\/wp\/v2\/types\/post"}],"author":[{"embeddable":true,"href":"https:\/\/jairolibreros.com\/index.php?rest_route=\/wp\/v2\/users\/1"}],"replies":[{"embeddable":true,"href":"https:\/\/jairolibreros.com\/index.php?rest_route=%2Fwp%2Fv2%2Fcomments&post=787"}],"version-history":[{"count":4,"href":"https:\/\/jairolibreros.com\/index.php?rest_route=\/wp\/v2\/posts\/787\/revisions"}],"predecessor-version":[{"id":3797,"href":"https:\/\/jairolibreros.com\/index.php?rest_route=\/wp\/v2\/posts\/787\/revisions\/3797"}],"wp:featuredmedia":[{"embeddable":true,"href":"https:\/\/jairolibreros.com\/index.php?rest_route=\/wp\/v2\/media\/425"}],"wp:attachment":[{"href":"https:\/\/jairolibreros.com\/index.php?rest_route=%2Fwp%2Fv2%2Fmedia&parent=787"}],"wp:term":[{"taxonomy":"category","embeddable":true,"href":"https:\/\/jairolibreros.com\/index.php?rest_route=%2Fwp%2Fv2%2Fcategories&post=787"},{"taxonomy":"post_tag","embeddable":true,"href":"https:\/\/jairolibreros.com\/index.php?rest_route=%2Fwp%2Fv2%2Ftags&post=787"}],"curies":[{"name":"wp","href":"https:\/\/api.w.org\/{rel}","templated":true}]}}