{"id":793,"date":"2022-05-28T22:34:18","date_gmt":"2022-05-28T22:34:18","guid":{"rendered":"https:\/\/jairolibreros.com\/?p=793"},"modified":"2025-05-10T20:34:19","modified_gmt":"2025-05-10T20:34:19","slug":"a-48-horas-de-los-comicios-cual-es-el-panorama-electoral-en-colombia","status":"publish","type":"post","link":"https:\/\/jairolibreros.com\/?p=793","title":{"rendered":"A 48 horas de los comicios, \u00bfcu\u00e1l es el panorama electoral en Colombia?"},"content":{"rendered":"<p><span style=\"font-size: 14pt; font-family: tahoma, arial, helvetica, sans-serif;\"><strong>A 48 horas de los comicios, \u00bfcu\u00e1l es el panorama electoral en Colombia?<\/strong><\/span><\/p>\n<p><span style=\"text-decoration: underline; font-family: tahoma, arial, helvetica, sans-serif; font-size: 14pt;\"><strong><a href=\"https:\/\/jairolibreros.com\/?page_id=3689\">Jairo Libreros<\/a><\/strong><\/span><\/p>\n<p><span style=\"font-size: 14pt; font-family: tahoma, arial, helvetica, sans-serif;\">&#8220;Colombia va a balotaje. Gustavo Petro es uno de los finalistas. Y la sorpresa como compa\u00f1ero en la segunda vuelta electoral ser\u00eda Rodolfo Hern\u00e1ndez&#8221;: <strong>Jairo Libreros<\/strong> en Noticiero Punto de Orden de Radio Centro.<\/span><\/p>\n<blockquote hcb-fetch-image-from=\"https:\/\/twitter.com\/radiocentroec\/status\/1530007931890040849?s=20&amp;t=ZJi3Sa3GjmU5x3tnYKp2lA\" class=\"twitter-tweet\" data-width=\"550\" data-dnt=\"true\">\n<p lang=\"es\" dir=\"ltr\"><a href=\"https:\/\/twitter.com\/hashtag\/AGENDA?src=hash&amp;ref_src=twsrc%5Etfw\">#AGENDA<\/a> | Termina tu semana con lo mejor en informaci\u00f3n \ud83c\udf99\ufe0f Ma\u00f1ana en <a href=\"https:\/\/twitter.com\/hashtag\/PuntoDeOrden?src=hash&amp;ref_src=twsrc%5Etfw\">#PuntoDeOrden<\/a> \u2b07\ufe0f<\/p>\n<p>\u27a1\ufe0f <a href=\"https:\/\/twitter.com\/panchojimenezs?ref_src=twsrc%5Etfw\">@panchojimenezs<\/a> &#8211; <a href=\"https:\/\/twitter.com\/MinGobiernoEc?ref_src=twsrc%5Etfw\">@MinGobiernoEc<\/a> <br \/>\u27a1\ufe0f Ec. Roberto Salas &#8211; Secretario t\u00e9cnico de asociaciones p\u00fablico-privadas<br \/>\u27a1\ufe0f <a href=\"https:\/\/twitter.com\/JairoLibreros?ref_src=twsrc%5Etfw\">@JairoLibreros<\/a> &#8211; Analista pol\u00edtico colombiano <br \/>\u27a1\ufe0f <a href=\"https:\/\/twitter.com\/MarceloHCabrera?ref_src=twsrc%5Etfw\">@MarceloHCabrera<\/a> <a href=\"https:\/\/t.co\/Lt4BGNR79l\">pic.twitter.com\/Lt4BGNR79l<\/a><\/p>\n<p>&mdash; CENTRO Digital (@radiocentroec) <a href=\"https:\/\/twitter.com\/radiocentroec\/status\/1530007931890040849?ref_src=twsrc%5Etfw\">May 27, 2022<\/a><\/p><\/blockquote>\n<p><script async src=\"https:\/\/platform.twitter.com\/widgets.js\" charset=\"utf-8\"><\/script><\/p>\n<blockquote hcb-fetch-image-from=\"https:\/\/twitter.com\/jairolibreros\/status\/1530676944718548993?s=21&amp;t=Z2lUWBEf-RUIIWt07XjTrg\" class=\"twitter-tweet\" data-width=\"550\" data-dnt=\"true\">\n<p lang=\"es\" dir=\"ltr\">&quot;Colombia va a balotaje. Gustavo Petro es uno de los finalistas. Y la sorpresa como compa\u00f1ero en la segunda vuelta electoral ser\u00eda Rodolfo Hern\u00e1ndez&quot;, an\u00e1lisis <a href=\"https:\/\/twitter.com\/JairoLibreros?ref_src=twsrc%5Etfw\">@JairoLibreros<\/a> en Punto de Orden <a href=\"https:\/\/twitter.com\/radiocentroec?ref_src=twsrc%5Etfw\">@radiocentroec<\/a> <a href=\"https:\/\/t.co\/CKiUVv9zjf\">https:\/\/t.co\/CKiUVv9zjf<\/a> <a href=\"https:\/\/t.co\/C8AqqShsL9\">pic.twitter.com\/C8AqqShsL9<\/a><\/p>\n<p>&mdash; Jairo Libreros (@JairoLibreros) <a href=\"https:\/\/twitter.com\/JairoLibreros\/status\/1530676944718548993?ref_src=twsrc%5Etfw\">May 28, 2022<\/a><\/p><\/blockquote>\n<p><script async src=\"https:\/\/platform.twitter.com\/widgets.js\" charset=\"utf-8\"><\/script><\/p>\n<p><span style=\"font-size: 14pt; font-family: tahoma, arial, helvetica, sans-serif;\"><strong>Jairo Libreros<\/strong>: &#8220;Las relaciones entre pueblos hermanos como lo es entre Colombia y Ecuador, no est\u00e1n al vaiv\u00e9n de los inquilinos de la Casa de Nari\u00f1o o del Palacio de Carondelet&#8221;.<\/span><\/p>\n<blockquote hcb-fetch-image-from=\"https:\/\/twitter.com\/jairolibreros\/status\/1530678417783398400?s=21&amp;t=Z2lUWBEf-RUIIWt07XjTrg\" class=\"twitter-tweet\" data-width=\"550\" data-dnt=\"true\">\n<p lang=\"es\" dir=\"ltr\">&quot;Las relaciones entre pueblos hermanos como lo son entre los de Colombia y Ecuador, no est\u00e1n al vaiv\u00e9n de los inquilinos de la Casa de Nari\u00f1o o del Palacio de Carondelet&quot;, <a href=\"https:\/\/twitter.com\/JairoLibreros?ref_src=twsrc%5Etfw\">@JairoLibreros<\/a> en Punto de Orden <a href=\"https:\/\/twitter.com\/radiocentroec?ref_src=twsrc%5Etfw\">@radiocentroec<\/a> <a href=\"https:\/\/t.co\/CKiUVuRYrH\">https:\/\/t.co\/CKiUVuRYrH<\/a> <a href=\"https:\/\/t.co\/n3KypZIkTm\">pic.twitter.com\/n3KypZIkTm<\/a><\/p>\n<p>&mdash; Jairo Libreros (@JairoLibreros) <a href=\"https:\/\/twitter.com\/JairoLibreros\/status\/1530678417783398400?ref_src=twsrc%5Etfw\">May 28, 2022<\/a><\/p><\/blockquote>\n<p><script async src=\"https:\/\/platform.twitter.com\/widgets.js\" charset=\"utf-8\"><\/script><\/p>\n<blockquote hcb-fetch-image-from=\"https:\/\/twitter.com\/radiocentroec\/status\/1530193979429511172?s=20&amp;t=ZJi3Sa3GjmU5x3tnYKp2lA\" class=\"twitter-tweet\" data-width=\"550\" data-dnt=\"true\">\n<p lang=\"es\" dir=\"ltr\">A 48 horas de los comicios \ud83c\udde8\ud83c\uddf4<br \/>Este es el panorama electoral en Colombia de su elecci\u00f3n del primer mandatario \ud83c\udf99\ufe0f Junto a <a href=\"https:\/\/twitter.com\/JairoLibreros?ref_src=twsrc%5Etfw\">@JairoLibreros<\/a> &#8211; Analista Pol\u00edtico Colombiano <\/p>\n<p>Entrevista\u27a1\ufe0f <a href=\"https:\/\/t.co\/XTG76cyk2A\">https:\/\/t.co\/XTG76cyk2A<\/a> <a href=\"https:\/\/t.co\/3yaxpn3e1K\">pic.twitter.com\/3yaxpn3e1K<\/a><\/p>\n<p>&mdash; CENTRO Digital (@radiocentroec) <a href=\"https:\/\/twitter.com\/radiocentroec\/status\/1530193979429511172?ref_src=twsrc%5Etfw\">May 27, 2022<\/a><\/p><\/blockquote>\n<p><script async src=\"https:\/\/platform.twitter.com\/widgets.js\" charset=\"utf-8\"><\/script><\/p>\n<p style=\"text-align: right;\"><span style=\"font-family: tahoma, arial, helvetica, sans-serif; font-size: 14pt;\"><a href=\"https:\/\/jairolibreros.com\/\"><strong><span style=\"text-decoration: underline;\">Blog de Jairo Libreros<\/span><\/strong><\/a><\/span><\/p>\n","protected":false},"excerpt":{"rendered":"<p>A 48 horas de los comicios, \u00bfcu\u00e1l es el panorama electoral en Colombia? Jairo Libreros &#8220;Colombia va a balotaje. Gustavo Petro es uno <\/p>\n","protected":false},"author":1,"featured_media":425,"comment_status":"open","ping_status":"open","sticky":false,"template":"","format":"standard","meta":{"om_disable_all_campaigns":false,"_monsterinsights_skip_tracking":false,"_monsterinsights_sitenote_active":false,"_monsterinsights_sitenote_note":"","_monsterinsights_sitenote_category":0,"footnotes":""},"categories":[1],"tags":[44],"aioseo_notices":[],"class_list":["post-793","post","type-post","status-publish","format-standard","has-post-thumbnail","hentry","category-jairo-libreros","tag-elecciones"],"_links":{"self":[{"href":"https:\/\/jairolibreros.com\/index.php?rest_route=\/wp\/v2\/posts\/793"}],"collection":[{"href":"https:\/\/jairolibreros.com\/index.php?rest_route=\/wp\/v2\/posts"}],"about":[{"href":"https:\/\/jairolibreros.com\/index.php?rest_route=\/wp\/v2\/types\/post"}],"author":[{"embeddable":true,"href":"https:\/\/jairolibreros.com\/index.php?rest_route=\/wp\/v2\/users\/1"}],"replies":[{"embeddable":true,"href":"https:\/\/jairolibreros.com\/index.php?rest_route=%2Fwp%2Fv2%2Fcomments&post=793"}],"version-history":[{"count":5,"href":"https:\/\/jairolibreros.com\/index.php?rest_route=\/wp\/v2\/posts\/793\/revisions"}],"predecessor-version":[{"id":3799,"href":"https:\/\/jairolibreros.com\/index.php?rest_route=\/wp\/v2\/posts\/793\/revisions\/3799"}],"wp:featuredmedia":[{"embeddable":true,"href":"https:\/\/jairolibreros.com\/index.php?rest_route=\/wp\/v2\/media\/425"}],"wp:attachment":[{"href":"https:\/\/jairolibreros.com\/index.php?rest_route=%2Fwp%2Fv2%2Fmedia&parent=793"}],"wp:term":[{"taxonomy":"category","embeddable":true,"href":"https:\/\/jairolibreros.com\/index.php?rest_route=%2Fwp%2Fv2%2Fcategories&post=793"},{"taxonomy":"post_tag","embeddable":true,"href":"https:\/\/jairolibreros.com\/index.php?rest_route=%2Fwp%2Fv2%2Ftags&post=793"}],"curies":[{"name":"wp","href":"https:\/\/api.w.org\/{rel}","templated":true}]}}