{"id":840,"date":"2022-06-02T12:16:54","date_gmt":"2022-06-02T12:16:54","guid":{"rendered":"https:\/\/jairolibreros.com\/?p=840"},"modified":"2023-05-10T01:50:28","modified_gmt":"2023-05-10T01:50:28","slug":"petro-y-hernandez-como-van-a-construir-gobernabilidad","status":"publish","type":"post","link":"https:\/\/jairolibreros.com\/?p=840","title":{"rendered":"Petro y Hern\u00e1ndez, \u00bfc\u00f3mo van a construir gobernabilidad?"},"content":{"rendered":"<p><span style=\"font-size: 14pt;\"><strong>Petro y Hern\u00e1ndez, \u00bfc\u00f3mo van a construir gobernabilidad?<\/strong><\/span><\/p>\n<p><span style=\"font-size: 14pt;\"><strong>Jairo Libreros<\/strong>, panelista Hora20 de Caracol Radio: &#8220;La gobernabilidad ser\u00e1 precaria. Las expectativas de cambio pol\u00edtico y las exigencias sociales no se detendr\u00e1n con la elecci\u00f3n o posesi\u00f3n presidencial de Petro o de Hern\u00e1ndez&#8221;.<\/span><\/p>\n<blockquote hcb-fetch-image-from=\"https:\/\/twitter.com\/jairolibreros\/status\/1532382964738318337?s=21&amp;t=2OI1bwf6i2qf_r58yLG63w\" class=\"twitter-tweet\" data-width=\"550\" data-dnt=\"true\">\n<p lang=\"es\" dir=\"ltr\">Petro y Hern\u00e1ndez, \u00bfc\u00f3mo van a construir gobernabilidad? &quot;La gobernabilidad ser\u00e1 precaria. Las expectativas de cambio pol\u00edtico y las exigencias sociales no se detendr\u00e1n con la elecci\u00f3n o posesi\u00f3n presidencial de Petro o de Hern\u00e1ndez&quot;, <a href=\"https:\/\/twitter.com\/JairoLibreros?ref_src=twsrc%5Etfw\">@JairoLibreros<\/a> <a href=\"https:\/\/t.co\/njwkOGIvOZ\">https:\/\/t.co\/njwkOGIvOZ<\/a> <a href=\"https:\/\/t.co\/9oUgJIZxcs\">pic.twitter.com\/9oUgJIZxcs<\/a><\/p>\n<p>&mdash; Jairo Libreros (@JairoLibreros) <a href=\"https:\/\/twitter.com\/JairoLibreros\/status\/1532382964738318337?ref_src=twsrc%5Etfw\">June 2, 2022<\/a><\/p><\/blockquote>\n<p><script async src=\"https:\/\/platform.twitter.com\/widgets.js\" charset=\"utf-8\"><\/script><\/p>\n<p class=\"x_MsoNormal\"><span lang=\"ES-TRAD\" style=\"font-size: 14pt;\" xml:lang=\"ES-TRAD\">En Hora20 una mirada a la construcci\u00f3n de gobernabilidad, a los planes de gobierno y a las cargas pol\u00edticas en adelante, as\u00ed como un an\u00e1lisis a las alianzas que se empiezan a conformar y la manera como moldear\u00edan una futura gobernabilidad. Tambi\u00e9n una opini\u00f3n de lo que sigue ocurriendo en Medell\u00edn a nivel institucional.<\/span><\/p>\n<p><span style=\"font-size: 14pt;\"><strong>Jairo Libreros <\/strong>en Hora20 de Caracol Radio: &#8220;En 2019 vemos un descontento popular, en 2021 llega estallido social y con esta elecci\u00f3n se confirmar que hay una estela de cambio social en la cual queda impl\u00edcito el escenario de gobernabilidad&#8221;.<\/span><\/p>\n<blockquote hcb-fetch-image-from=\"https:\/\/twitter.com\/Hora20\/status\/1531803681649311749?s=20&amp;t=2nHuTpYER8ifvz4mbiT3hg\" class=\"twitter-tweet\" data-width=\"550\" data-dnt=\"true\">\n<p lang=\"es\" dir=\"ltr\"><a href=\"https:\/\/twitter.com\/hashtag\/Hora20?src=hash&amp;ref_src=twsrc%5Etfw\">#Hora20<\/a> | \u201cEn 2019 vemos un descontento popular, en 2021 llega estallido social y con esta elecci\u00f3n se confirmar que hay una estela de cambio y queda impl\u00edcito el escenario de gobernabilidad\u201d, <a href=\"https:\/\/twitter.com\/JairoLibreros?ref_src=twsrc%5Etfw\">@JairoLibreros<\/a>\u25b6 <a href=\"https:\/\/t.co\/knaA64Icie\">https:\/\/t.co\/knaA64Icie<\/a> <a href=\"https:\/\/t.co\/dp581t8FhO\">pic.twitter.com\/dp581t8FhO<\/a><\/p>\n<p>&mdash; Hora 20 (@Hora20) <a href=\"https:\/\/twitter.com\/Hora20\/status\/1531803681649311749?ref_src=twsrc%5Etfw\">June 1, 2022<\/a><\/p><\/blockquote>\n<p><script async src=\"https:\/\/platform.twitter.com\/widgets.js\" charset=\"utf-8\"><\/script><\/p>\n<p class=\"x_MsoNormal\"><span lang=\"ES-TRAD\" style=\"font-size: 14pt;\" xml:lang=\"ES-TRAD\">En medio del actual panorama pol\u00edtico, de la consolidaci\u00f3n de las dos candidaturas que pasan a la segunda vuelta, de las alianzas pol\u00edticas y de la manera como se configur\u00f3 el nuevo pa\u00eds, surge el interrogante de c\u00f3mo lograr\u00e1n gobernabilidad las dos figuras que hoy se disputan el poder, pues esta gobernabilidad ser\u00e1 clave para tener el apoyo popular de la ciudadan\u00eda, pero al tiempo se ver\u00e1 reflejada en la relaci\u00f3n y mayor\u00edas que se den en el congreso, e incluso la gobernabilidad que se tenga sobre instituciones como las propias Fuerzas Militares.<\/span><\/p>\n<p><span style=\"font-size: 14pt;\"><strong>Jairo Libreros <\/strong>en Hora20 de Caracol Radio: &#8220;Me preocupa de Rodolfo que plantea un plan de gobierno como estrategia de comunicaci\u00f3n para callar a los que dicen que \u00e9l no tiene dise\u00f1o del gobierno. Busca acercarse a Petro porque as\u00ed pretende capturar votos de centro&#8221;.<\/span><\/p>\n<blockquote hcb-fetch-image-from=\"https:\/\/twitter.com\/Hora20\/status\/1531809934735810561?s=20&amp;t=2nHuTpYER8ifvz4mbiT3hg\" class=\"twitter-tweet\" data-width=\"550\" data-dnt=\"true\">\n<p lang=\"es\" dir=\"ltr\"><a href=\"https:\/\/twitter.com\/hashtag\/Hora20?src=hash&amp;ref_src=twsrc%5Etfw\">#Hora20<\/a> | \u201cMe preocupa de Rodolfo que plantea plan de gobierno como estrategia de comunicaci\u00f3n para callar a los que dicen que \u00e9l no tiene dise\u00f1o del gobierno. Busca acercarse a Petro porque as\u00ed pretende capturar votos de centro\u201d, <a href=\"https:\/\/twitter.com\/JairoLibreros?ref_src=twsrc%5Etfw\">@JairoLibreros<\/a>\u25b6 <a href=\"https:\/\/t.co\/knaA64Icie\">https:\/\/t.co\/knaA64Icie<\/a> <a href=\"https:\/\/t.co\/8wPmjJ7FFZ\">pic.twitter.com\/8wPmjJ7FFZ<\/a><\/p>\n<p>&mdash; Hora 20 (@Hora20) <a href=\"https:\/\/twitter.com\/Hora20\/status\/1531809934735810561?ref_src=twsrc%5Etfw\">June 1, 2022<\/a><\/p><\/blockquote>\n<p><script async src=\"https:\/\/platform.twitter.com\/widgets.js\" charset=\"utf-8\"><\/script><\/p>\n<p class=\"x_MsoNormal\"><span lang=\"ES-TRAD\" style=\"font-size: 14pt;\" xml:lang=\"ES-TRAD\">Por el lado de la ciudadan\u00eda, obtener la mayor\u00eda de los votos no se traducir\u00eda en un gran apoyo popular, pues el actual presidente Iv\u00e1n Duque llega a la Casa de Nari\u00f1o con 10,3 millones de votos, pero solo seis meses despu\u00e9s de arrancar su gobierno, la desaprobaci\u00f3n ya era del 63 por ciento seg\u00fan la encuesta Invamer Poll. Mientras que en el congreso que se posesionar\u00e1 el pr\u00f3ximo 20 de julio las cargas en t\u00e9rminos de gobernabilidad pueden variar, pues en el senado hay una distribuci\u00f3n de 25 senadores a la izquierda, 13 con los Verdes que en alianzas cada vez se mueven m\u00e1s hacia Gustavo Petro y por otro lado, un bloque de partidos tradicionales con 57 esca\u00f1os en los que se encuentran algunos como el Liberal, Conservador, Cambio Radical, la U y Centro Democr\u00e1tico, los cuales en las elecciones de marzo lograron 9,4 millones de votos, los mismos partidos que apoyaban a Federico Guti\u00e9rrez en la primera vuelta.<\/span><\/p>\n<p><span style=\"font-size: 14pt;\"><strong>Jairo Libreros <\/strong>en Hora20 de Caracol Radio: &#8220;Los cinco partidos m\u00e1s fuertes son los derrotados. Esta situaci\u00f3n marca unos ciudadanos en contra de \u00e9lites, hay un escenario que no sabemos a d\u00f3nde nos va a llevar ese descontento popular que no ha sido atendido&#8221;.<\/span><\/p>\n<blockquote hcb-fetch-image-from=\"https:\/\/twitter.com\/Hora20\/status\/1531804249788653568?s=20&amp;t=2nHuTpYER8ifvz4mbiT3hg\" class=\"twitter-tweet\" data-width=\"550\" data-dnt=\"true\">\n<p lang=\"es\" dir=\"ltr\"><a href=\"https:\/\/twitter.com\/hashtag\/Hora20?src=hash&amp;ref_src=twsrc%5Etfw\">#Hora20<\/a> | \u201cCinco partidos m\u00e1s fuertes son los m\u00e1s derrotados. Esta situaci\u00f3n marca unos ciudadanos en contra de \u00e9lites, hay un escenario que no sabemos a d\u00f3nde nos va a llevar ese descontento popular que no ha sido atendido\u201d, <a href=\"https:\/\/twitter.com\/JairoLibreros?ref_src=twsrc%5Etfw\">@JairoLibreros<\/a>\u25b6 <a href=\"https:\/\/t.co\/knaA64Icie\">https:\/\/t.co\/knaA64Icie<\/a> <a href=\"https:\/\/t.co\/pivvnhV2iX\">pic.twitter.com\/pivvnhV2iX<\/a><\/p>\n<p>&mdash; Hora 20 (@Hora20) <a href=\"https:\/\/twitter.com\/Hora20\/status\/1531804249788653568?ref_src=twsrc%5Etfw\">June 1, 2022<\/a><\/p><\/blockquote>\n<p><script async src=\"https:\/\/platform.twitter.com\/widgets.js\" charset=\"utf-8\"><\/script><\/p>\n<p class=\"x_MsoNormal\"><span lang=\"ES-TRAD\" style=\"font-size: 14pt;\" xml:lang=\"ES-TRAD\">Por el lado de la c\u00e1mara la distribuci\u00f3n es similar, 32 esca\u00f1os a la izquierda, 19 al centro y 110 con la estructura tradicional de partidos. En este caso, Rodolfo Hern\u00e1ndez que sac\u00f3 5,9 millones de votos este domingo con su movimiento Liga de Gobernantes Anticorrupci\u00f3n, en marzo logr\u00f3 tener dos curules en la C\u00e1mara de Representantes.<\/span><\/p>\n<p><span style=\"font-size: 14pt;\"><strong>Jairo Libreros <\/strong>en Hora20 de Caracol Radio: &#8220;Tambi\u00e9n est\u00e1 el portazo que se le da a la \u00e9lite pol\u00edtica. Antes de elecciones, mayor\u00eda de encuestas confirmaban que 2 de cada 3 ciudadanos que iban a las urnas, quer\u00edan el cambio&#8221;.<\/span><\/p>\n<blockquote hcb-fetch-image-from=\"https:\/\/twitter.com\/Hora20\/status\/1531803885047783428?s=20&amp;t=2nHuTpYER8ifvz4mbiT3hg\" class=\"twitter-tweet\" data-width=\"550\" data-dnt=\"true\">\n<p lang=\"es\" dir=\"ltr\"><a href=\"https:\/\/twitter.com\/hashtag\/Hora20?src=hash&amp;ref_src=twsrc%5Etfw\">#Hora20<\/a> | \u201cTambi\u00e9n est\u00e1 el portazo que se le da a la \u00e9lite pol\u00edtica. Antes de elecciones, mayor\u00eda de encuestas confirmaban que 2 de cada 3 ciudadanos que iban a las urnas, quer\u00edan el cambio\u201d, <a href=\"https:\/\/twitter.com\/JairoLibreros?ref_src=twsrc%5Etfw\">@JairoLibreros<\/a>\u25b6 <a href=\"https:\/\/t.co\/knaA64Icie\">https:\/\/t.co\/knaA64Icie<\/a> <a href=\"https:\/\/t.co\/vAB2x2Ncet\">pic.twitter.com\/vAB2x2Ncet<\/a><\/p>\n<p>&mdash; Hora 20 (@Hora20) <a href=\"https:\/\/twitter.com\/Hora20\/status\/1531803885047783428?ref_src=twsrc%5Etfw\">June 1, 2022<\/a><\/p><\/blockquote>\n<p><script async src=\"https:\/\/platform.twitter.com\/widgets.js\" charset=\"utf-8\"><\/script><\/p>\n<p class=\"x_MsoNormal\"><span style=\"font-size: 14pt;\"><strong><span lang=\"ES-TRAD\" xml:lang=\"ES-TRAD\">Jairo Libreros, abogado y profesor de la Universidad Externado de Colombia, <\/span><\/strong><span lang=\"ES-TRAD\" xml:lang=\"ES-TRAD\">asegur\u00f3 que tanto\u00a0<\/span><span lang=\"ES-TRAD\" xml:lang=\"ES-TRAD\">Petro como Rodolfo van a tener problemas de gobernabilidad, \u201cpero ser\u00e1 mayor el de Rodolfo. Si \u00e9l gana y la diferencia es inferior a 300 mil votos, creo que \u00e9l arranca el 7 de agosto con muchas dificultades\u201d, ya que considera que se podr\u00eda formar un cerco dif\u00edcil de manejar tanto en las calles como en el congreso que va a limitar la capacidad de ejercer gobernabilidad. Por otro lado, asegur\u00f3 que <\/span><span lang=\"ES-TRAD\" xml:lang=\"ES-TRAD\">el modelo ensayo y error se puede dar en distintas situaciones y puede ir m\u00e1s all\u00e1 del tomador de decisiones, \u201cpero el ejercicio de Rodolfo ser\u00e1 casi ciego porque confiar\u00e1 en personajes que no conoce muy bien\u201d, apunt\u00f3.<\/span><\/span><\/p>\n<p class=\"x_MsoNormal\"><span lang=\"ES-TRAD\" style=\"font-size: 14pt;\" xml:lang=\"ES-TRAD\">Frente a los programas de gobierno, coment\u00f3 que s\u00ed hay una similitud de programas con base en lo que public\u00f3 Rodolfo, en lo que cree, hay un acercamiento en \u00e9l mucho m\u00e1s liberal y tiene puntos de encuentro con lo que es el programa de Petro.<\/span><\/p>\n<p><span style=\"font-size: 14pt;\"><strong>Jairo Libreros <\/strong>en Hora20 de Caracol Radio: &#8220;Petro todav\u00eda es disruptivo y \u00e9l tiene problema grande en gobernabilidad, \u00e9l tiene dificultad para garantizar orden en Fuerza P\u00fablica. Ese problema no est\u00e1 resuelto ni en Petro ni en Rodolfo; transici\u00f3n ser\u00e1 fuerte&#8221;.<\/span><\/p>\n<blockquote hcb-fetch-image-from=\"https:\/\/twitter.com\/Hora20\/status\/1531810164860456960?s=20&amp;t=2nHuTpYER8ifvz4mbiT3hg\" class=\"twitter-tweet\" data-width=\"550\" data-dnt=\"true\">\n<p lang=\"es\" dir=\"ltr\"><a href=\"https:\/\/twitter.com\/hashtag\/Hora20?src=hash&amp;ref_src=twsrc%5Etfw\">#Hora20<\/a> | \u201cPetro todav\u00eda es disruptivo y \u00e9l tiene problema grande en gobernabilidad, \u00e9l tiene dificultad para garantizar orden en Fuerza P\u00fablica. Ese problema no est\u00e1 resuelto ni en Petro ni en Rodolfo; transici\u00f3n ser\u00e1 fuerte\u201d, <a href=\"https:\/\/twitter.com\/JairoLibreros?ref_src=twsrc%5Etfw\">@JairoLibreros<\/a>\u25b6 <a href=\"https:\/\/t.co\/knaA64Icie\">https:\/\/t.co\/knaA64Icie<\/a> <a href=\"https:\/\/t.co\/7RfJRByorA\">pic.twitter.com\/7RfJRByorA<\/a><\/p>\n<p>&mdash; Hora 20 (@Hora20) <a href=\"https:\/\/twitter.com\/Hora20\/status\/1531810164860456960?ref_src=twsrc%5Etfw\">June 1, 2022<\/a><\/p><\/blockquote>\n<p><script async src=\"https:\/\/platform.twitter.com\/widgets.js\" charset=\"utf-8\"><\/script><\/p>\n<p><span style=\"font-size: 14pt;\"><strong>El programa &#8220;Los escenarios de gobernabilidad de los candidatos&#8221;en YouTube \u2935\ufe0f<\/strong><\/span><\/p>\n<p><span style=\"font-size: 14pt;\">Panelistas consideran que ning\u00fan candidato tiene el camino f\u00e1cil ; pero creen que en el caso de Rodolfo Hern\u00e1ndez es m\u00e1s complejo<\/span><\/p>\n<p><span style=\"font-size: 14pt;\"><strong>Jairo Libreros <\/strong>en Hora20 de Caracol Radio: &#8220;La gobernabilidad ser\u00e1 precaria. Las expectativas de cambio pol\u00edtico y las exigencias sociales no se detendr\u00e1n con la elecci\u00f3n o posesi\u00f3n presidencial de Petro o de Hern\u00e1ndez&#8221;.<\/span><\/p>\n<blockquote hcb-fetch-image-from=\"https:\/\/twitter.com\/jairolibreros\/status\/1532026515050967040?s=21&amp;t=v3KcernfFt2lowwikNqGoA\" class=\"twitter-tweet\" data-width=\"550\" data-dnt=\"true\">\n<p lang=\"es\" dir=\"ltr\">Los escenarios de gobernabilidad <a href=\"https:\/\/twitter.com\/Hora20?ref_src=twsrc%5Etfw\">@Hora20<\/a> <a href=\"https:\/\/twitter.com\/CaracolRadio?ref_src=twsrc%5Etfw\">@CaracolRadio<\/a> <br \/>&quot;La gobernabilidad ser\u00e1 precaria. Las expectativas de cambio pol\u00edtico y las exigencias sociales no se detendr\u00e1n con la elecci\u00f3n o posesi\u00f3n presidencial de Petro o de Hern\u00e1ndez&quot;, <a href=\"https:\/\/twitter.com\/JairoLibreros?ref_src=twsrc%5Etfw\">@JairoLibreros<\/a> <a href=\"https:\/\/t.co\/exXOmHVP52\">https:\/\/t.co\/exXOmHVP52<\/a> <a href=\"https:\/\/t.co\/YlgU5rHGnY\">pic.twitter.com\/YlgU5rHGnY<\/a><\/p>\n<p>&mdash; Jairo Libreros (@JairoLibreros) <a href=\"https:\/\/twitter.com\/JairoLibreros\/status\/1532026515050967040?ref_src=twsrc%5Etfw\">June 1, 2022<\/a><\/p><\/blockquote>\n<p><script async src=\"https:\/\/platform.twitter.com\/widgets.js\" charset=\"utf-8\"><\/script><\/p>\n<p><iframe hcb-fetch-image-from=\"https:\/\/youtu.be\/zr-g9PzBoTI\" title=\"HORA 20 |  Los escenarios de gobernabilidad de los candidatos\" width=\"640\" height=\"360\" src=\"https:\/\/www.youtube.com\/embed\/zr-g9PzBoTI?feature=oembed\" frameborder=\"0\" allow=\"accelerometer; autoplay; clipboard-write; encrypted-media; gyroscope; picture-in-picture; web-share\" referrerpolicy=\"strict-origin-when-cross-origin\" allowfullscreen><\/iframe><\/p>\n<p>&nbsp;<\/p>\n","protected":false},"excerpt":{"rendered":"<p>Petro y Hern\u00e1ndez, \u00bfc\u00f3mo van a construir gobernabilidad? Jairo Libreros, panelista Hora20 de Caracol Radio: &#8220;La gobernabilidad ser\u00e1 precaria. Las expectativas de cambio <\/p>\n","protected":false},"author":1,"featured_media":428,"comment_status":"open","ping_status":"open","sticky":false,"template":"","format":"standard","meta":{"om_disable_all_campaigns":false,"_monsterinsights_skip_tracking":false,"_monsterinsights_sitenote_active":false,"_monsterinsights_sitenote_note":"","_monsterinsights_sitenote_category":0,"footnotes":""},"categories":[1],"tags":[44,90,37],"aioseo_notices":[],"class_list":["post-840","post","type-post","status-publish","format-standard","has-post-thumbnail","hentry","category-jairo-libreros","tag-elecciones","tag-seguridad-y-defensa-nacional","tag-movilizacion-social"],"_links":{"self":[{"href":"https:\/\/jairolibreros.com\/index.php?rest_route=\/wp\/v2\/posts\/840"}],"collection":[{"href":"https:\/\/jairolibreros.com\/index.php?rest_route=\/wp\/v2\/posts"}],"about":[{"href":"https:\/\/jairolibreros.com\/index.php?rest_route=\/wp\/v2\/types\/post"}],"author":[{"embeddable":true,"href":"https:\/\/jairolibreros.com\/index.php?rest_route=\/wp\/v2\/users\/1"}],"replies":[{"embeddable":true,"href":"https:\/\/jairolibreros.com\/index.php?rest_route=%2Fwp%2Fv2%2Fcomments&post=840"}],"version-history":[{"count":7,"href":"https:\/\/jairolibreros.com\/index.php?rest_route=\/wp\/v2\/posts\/840\/revisions"}],"predecessor-version":[{"id":1839,"href":"https:\/\/jairolibreros.com\/index.php?rest_route=\/wp\/v2\/posts\/840\/revisions\/1839"}],"wp:featuredmedia":[{"embeddable":true,"href":"https:\/\/jairolibreros.com\/index.php?rest_route=\/wp\/v2\/media\/428"}],"wp:attachment":[{"href":"https:\/\/jairolibreros.com\/index.php?rest_route=%2Fwp%2Fv2%2Fmedia&parent=840"}],"wp:term":[{"taxonomy":"category","embeddable":true,"href":"https:\/\/jairolibreros.com\/index.php?rest_route=%2Fwp%2Fv2%2Fcategories&post=840"},{"taxonomy":"post_tag","embeddable":true,"href":"https:\/\/jairolibreros.com\/index.php?rest_route=%2Fwp%2Fv2%2Ftags&post=840"}],"curies":[{"name":"wp","href":"https:\/\/api.w.org\/{rel}","templated":true}]}}