{"id":848,"date":"2022-06-03T18:25:04","date_gmt":"2022-06-03T18:25:04","guid":{"rendered":"https:\/\/jairolibreros.com\/?p=848"},"modified":"2023-05-10T01:48:14","modified_gmt":"2023-05-10T01:48:14","slug":"reconfiguracion-de-actores-politicos","status":"publish","type":"post","link":"https:\/\/jairolibreros.com\/?p=848","title":{"rendered":"Reconfiguraci\u00f3n de actores pol\u00edticos"},"content":{"rendered":"<p><span style=\"font-size: 14pt;\"><strong>Reconfiguraci\u00f3n de actores pol\u00edticos<\/strong><\/span><\/p>\n<p><span style=\"font-size: 14pt;\"><strong>Jairo Libreros<\/strong>\u00a0consultor asociado de Prospectiva: <span class=\"css-901oao css-16my406 r-poiln3 r-bcqeeo r-qvutc0\">Ciclo de an\u00e1lisis electoral AmCham Colombia y Prospectiva -Colombia y Brasil-: r<\/span><span class=\"css-901oao css-16my406 r-poiln3 r-bcqeeo r-qvutc0\">econfiguraci\u00f3n de actores pol\u00edticos. Conversatorio entre Mario G\u00f3mez, director Prospectiva Colombia y Jairo Libreros, profesor de la Universidad Externado de Colombia y consultor asociado de Prospectiva.<\/span><\/span><\/p>\n<blockquote hcb-fetch-image-from=\"https:\/\/twitter.com\/JairoLibreros\/status\/1532720331391176705?s=20&amp;t=NWa78SQsyhZAnCMNtmu-rA\" class=\"twitter-tweet\" data-width=\"550\" data-dnt=\"true\">\n<p lang=\"es\" dir=\"ltr\">Ciclo de an\u00e1lisis electoral <a href=\"https:\/\/twitter.com\/AmChamCol?ref_src=twsrc%5Etfw\">@AmChamCol<\/a>: reconfiguraci\u00f3n de actores pol\u00edticos <a href=\"https:\/\/twitter.com\/madagoviar?ref_src=twsrc%5Etfw\">@madagoviar<\/a> <a href=\"https:\/\/twitter.com\/Prospectivabr?ref_src=twsrc%5Etfw\">@Prospectivabr<\/a> y <a href=\"https:\/\/twitter.com\/JairoLibreros?ref_src=twsrc%5Etfw\">@JairoLibreros<\/a> <a href=\"https:\/\/twitter.com\/UExternado?ref_src=twsrc%5Etfw\">@UExternado<\/a> <\/p>\n<p>\ud83c\udfa6 Siga la transmisi\u00f3n en vivo aqu\u00ed \ud83d\udc49<a href=\"https:\/\/t.co\/ZkOJCuRjBS\">https:\/\/t.co\/ZkOJCuRjBS<\/a> <a href=\"https:\/\/t.co\/w8HoYXu8CG\">pic.twitter.com\/w8HoYXu8CG<\/a><\/p>\n<p>&mdash; Jairo Libreros (@JairoLibreros) <a href=\"https:\/\/twitter.com\/JairoLibreros\/status\/1532720331391176705?ref_src=twsrc%5Etfw\">June 3, 2022<\/a><\/p><\/blockquote>\n<p><script async src=\"https:\/\/platform.twitter.com\/widgets.js\" charset=\"utf-8\"><\/script><\/p>\n<p><span style=\"font-size: 14pt;\"><strong>Jairo Libreros<\/strong>: <span class=\"css-901oao css-16my406 r-poiln3 r-bcqeeo r-qvutc0\">\u201cReconfiguraci\u00f3n de actores pol\u00edticos\u201d, en el webinar de AmCham Colombia y Prospectiva -Colombia y Brasil- <\/span><span class=\"css-901oao css-16my406 r-poiln3 r-bcqeeo r-qvutc0\">sobre las elecciones presidenciales de Colombia 2022.<\/span><\/span><\/p>\n<blockquote hcb-fetch-image-from=\"https:\/\/twitter.com\/JairoLibreros\/status\/1532135776196210692?s=20&amp;t=NWa78SQsyhZAnCMNtmu-rA\" class=\"twitter-tweet\" data-width=\"550\" data-dnt=\"true\">\n<p lang=\"es\" dir=\"ltr\">\u201cReconfiguraci\u00f3n de actores pol\u00edticos\u201d, en el webinar de <a href=\"https:\/\/twitter.com\/AmChamCol?ref_src=twsrc%5Etfw\">@AmChamCol<\/a> y Prospectiva sobre las elecciones presidenciales de Colombia 2022. Inscripci\u00f3n\ud83d\udc47\ud83c\udffd<a href=\"https:\/\/t.co\/Ynk8koH18L\">https:\/\/t.co\/Ynk8koH18L<\/a> <a href=\"https:\/\/t.co\/CilR5kdlWf\">pic.twitter.com\/CilR5kdlWf<\/a><\/p>\n<p>&mdash; Jairo Libreros (@JairoLibreros) <a href=\"https:\/\/twitter.com\/JairoLibreros\/status\/1532135776196210692?ref_src=twsrc%5Etfw\">June 1, 2022<\/a><\/p><\/blockquote>\n<p><script async src=\"https:\/\/platform.twitter.com\/widgets.js\" charset=\"utf-8\"><\/script><\/p>\n<p><span style=\"font-size: 14pt;\"><strong>Ciclo de an\u00e1lisis electoral Amcham Colombia: reconfiguraci\u00f3n de actores pol\u00edticos<\/strong><\/span><\/p>\n<p><span style=\"font-size: 14pt;\"><strong>\u00b7 Gobernabilidad<\/strong><\/span><\/p>\n<p><span style=\"font-size: 14pt;\"><strong>\u00b7 Congreso de la Rep\u00fablica<\/strong><\/span><\/p>\n<p><span style=\"font-size: 14pt;\"><strong>\u00b7 Fuerza P\u00fablica<\/strong><\/span><\/p>\n<p><span style=\"font-size: 14pt;\"><strong>AmCham Colombia<\/strong>\u00a0<span class=\"r-18u37iz\"><a class=\"css-4rbku5 css-18t94o4 css-901oao css-16my406 r-1cvl2hr r-1loqt21 r-poiln3 r-bcqeeo r-qvutc0\" dir=\"ltr\" role=\"link\" href=\"https:\/\/twitter.com\/AmChamCol\">@AmChamCol<\/a><\/span>: <span class=\"css-901oao css-16my406 r-poiln3 r-bcqeeo r-qvutc0\">Hoy con\u00e9ctese, desde las 9:00 am, a nuestro an\u00e1lisis sobre la reconfiguraci\u00f3n de actores pol\u00edticos tras la primera vuelta presidencial en Colombia, junto con expertos de Prospectiva -Colombia y Brasil- y de la Universidad Externado de Colombia.<\/span><\/span><\/p>\n<blockquote hcb-fetch-image-from=\"https:\/\/twitter.com\/AmChamCol\/status\/1532708428484816896?s=20&amp;t=kds9PtR3mC17FIzDMEBO8Q\" class=\"twitter-tweet\" data-width=\"550\" data-dnt=\"true\">\n<p lang=\"es\" dir=\"ltr\"><a href=\"https:\/\/twitter.com\/hashtag\/FelizViernes?src=hash&amp;ref_src=twsrc%5Etfw\">#FelizViernes<\/a> | Hoy con\u00e9ctese, desde las 9:00 am, a nuestro an\u00e1lisis sobre la reconfiguraci\u00f3n de actores pol\u00edticos tras la primera vuelta presidencial en Colombia, junto con expertos de <a href=\"https:\/\/twitter.com\/Prospectivabr?ref_src=twsrc%5Etfw\">@Prospectivabr<\/a> y <a href=\"https:\/\/twitter.com\/UExternado?ref_src=twsrc%5Etfw\">@UExternado<\/a>. <\/p>\n<p>\ud83c\udfa6 Siga la transmisi\u00f3n en vivo aqu\u00ed \ud83d\udc49<a href=\"https:\/\/t.co\/qHiZgvbNT2\">https:\/\/t.co\/qHiZgvbNT2<\/a> <a href=\"https:\/\/t.co\/HdWCtP2oTD\">pic.twitter.com\/HdWCtP2oTD<\/a><\/p>\n<p>&mdash; C\u00e1mara Colombo Americana &#8211; AmCham Colombia (@AmChamCol) <a href=\"https:\/\/twitter.com\/AmChamCol\/status\/1532708428484816896?ref_src=twsrc%5Etfw\">June 3, 2022<\/a><\/p><\/blockquote>\n<p><script async src=\"https:\/\/platform.twitter.com\/widgets.js\" charset=\"utf-8\"><\/script><\/p>\n<p><span style=\"font-size: 14pt;\"><strong>AmCham Colombia<\/strong>\u00a0<span class=\"r-18u37iz\"><a class=\"css-4rbku5 css-18t94o4 css-901oao css-16my406 r-1cvl2hr r-1loqt21 r-poiln3 r-bcqeeo r-qvutc0\" dir=\"ltr\" role=\"link\" href=\"https:\/\/twitter.com\/AmChamCol\">@AmChamCol<\/a><\/span>: <strong>Prospectiva<\/strong> <span class=\"r-18u37iz\"><a class=\"css-4rbku5 css-18t94o4 css-901oao css-16my406 r-1cvl2hr r-1loqt21 r-poiln3 r-bcqeeo r-qvutc0\" dir=\"ltr\" role=\"link\" href=\"https:\/\/twitter.com\/Prospectivabr\">@Prospectivabr <\/a><\/span><span class=\"r-18u37iz\"><a class=\"css-4rbku5 css-18t94o4 css-901oao css-16my406 r-1cvl2hr r-1loqt21 r-poiln3 r-bcqeeo r-qvutc0\" dir=\"ltr\" role=\"link\" href=\"https:\/\/twitter.com\/hashtag\/ProspectivaConsulting?src=hashtag_click\">#ProspectivaConsulting<\/a><\/span> <span class=\"r-18u37iz\"><a class=\"css-4rbku5 css-18t94o4 css-901oao css-16my406 r-1cvl2hr r-1loqt21 r-poiln3 r-bcqeeo r-qvutc0\" dir=\"ltr\" role=\"link\" href=\"https:\/\/twitter.com\/hashtag\/EligeVotar?src=hashtag_click\">#EligeVotar: <\/a><\/span><a class=\"css-4rbku5 css-18t94o4 css-901oao css-16my406 r-1cvl2hr r-1loqt21 r-poiln3 r-bcqeeo r-qvutc0\" dir=\"ltr\" role=\"link\" href=\"https:\/\/twitter.com\/madagoviar\">@madagoviar <\/a><a class=\"css-4rbku5 css-18t94o4 css-901oao css-16my406 r-1cvl2hr r-1loqt21 r-poiln3 r-bcqeeo r-qvutc0\" dir=\"ltr\" role=\"link\" href=\"https:\/\/twitter.com\/Prospectivabr\">@Prospectivabr <\/a>y <a class=\"css-4rbku5 css-18t94o4 css-901oao css-16my406 r-1cvl2hr r-1loqt21 r-poiln3 r-bcqeeo r-qvutc0\" dir=\"ltr\" role=\"link\" href=\"https:\/\/twitter.com\/JairoLibreros\">@JairoLibreros <\/a><a class=\"css-4rbku5 css-18t94o4 css-901oao css-16my406 r-1cvl2hr r-1loqt21 r-poiln3 r-bcqeeo r-qvutc0\" dir=\"ltr\" role=\"link\" href=\"https:\/\/twitter.com\/UExternado\">@UExternado\u00a0<\/a><\/span><\/p>\n<blockquote hcb-fetch-image-from=\"https:\/\/twitter.com\/AmChamCol\/status\/1532725281726910464?s=20&amp;t=NWa78SQsyhZAnCMNtmu-rA\" class=\"twitter-tweet\" data-width=\"550\" data-dnt=\"true\">\n<p lang=\"es\" dir=\"ltr\"><a href=\"https:\/\/twitter.com\/hashtag\/AEstaHora?src=hash&amp;ref_src=twsrc%5Etfw\">#AEstaHora<\/a> inicia conversatorio con <a href=\"https:\/\/twitter.com\/madagoviar?ref_src=twsrc%5Etfw\">@madagoviar<\/a> de <a href=\"https:\/\/twitter.com\/Prospectivabr?ref_src=twsrc%5Etfw\">@Prospectivabr<\/a> y <a href=\"https:\/\/twitter.com\/JairoLibreros?ref_src=twsrc%5Etfw\">@JairoLibreros<\/a> de la <a href=\"https:\/\/twitter.com\/UExternado?ref_src=twsrc%5Etfw\">@UExternado<\/a> y Consultor de <a href=\"https:\/\/twitter.com\/hashtag\/ProspectivaConsulting?src=hash&amp;ref_src=twsrc%5Etfw\">#ProspectivaConsulting<\/a> sobre la reconfiguraci\u00f3n de actores pol\u00edticos tras la primera vuelta presidencial en \ud83c\udde8\ud83c\uddf4. <a href=\"https:\/\/twitter.com\/hashtag\/EligeVotar?src=hash&amp;ref_src=twsrc%5Etfw\">#EligeVotar<\/a><br \/>\ud83d\udcf9\u27a1\ufe0f: <a href=\"https:\/\/t.co\/tWw7JTiPwj\">https:\/\/t.co\/tWw7JTiPwj<\/a> <a href=\"https:\/\/t.co\/1D0fq74swi\">pic.twitter.com\/1D0fq74swi<\/a><\/p>\n<p>&mdash; C\u00e1mara Colombo Americana &#8211; AmCham Colombia (@AmChamCol) <a href=\"https:\/\/twitter.com\/AmChamCol\/status\/1532725281726910464?ref_src=twsrc%5Etfw\">June 3, 2022<\/a><\/p><\/blockquote>\n<p><script async src=\"https:\/\/platform.twitter.com\/widgets.js\" charset=\"utf-8\"><\/script><\/p>\n<p><span style=\"font-size: 14pt;\"><strong>AmCham Colombia<\/strong>\u00a0<span class=\"r-18u37iz\"><a class=\"css-4rbku5 css-18t94o4 css-901oao css-16my406 r-1cvl2hr r-1loqt21 r-poiln3 r-bcqeeo r-qvutc0\" dir=\"ltr\" role=\"link\" href=\"https:\/\/twitter.com\/AmChamCol\">@AmChamCol<\/a><\/span>: <strong>Prospectiva<\/strong> <span class=\"r-18u37iz\"><a class=\"css-4rbku5 css-18t94o4 css-901oao css-16my406 r-1cvl2hr r-1loqt21 r-poiln3 r-bcqeeo r-qvutc0\" dir=\"ltr\" role=\"link\" href=\"https:\/\/twitter.com\/Prospectivabr\">@Prospectivabr <\/a><\/span><span class=\"r-18u37iz\"><a class=\"css-4rbku5 css-18t94o4 css-901oao css-16my406 r-1cvl2hr r-1loqt21 r-poiln3 r-bcqeeo r-qvutc0\" dir=\"ltr\" role=\"link\" href=\"https:\/\/twitter.com\/hashtag\/ProspectivaConsulting?src=hashtag_click\">#ProspectivaConsulting<\/a><\/span> <span class=\"r-18u37iz\"><a class=\"css-4rbku5 css-18t94o4 css-901oao css-16my406 r-1cvl2hr r-1loqt21 r-poiln3 r-bcqeeo r-qvutc0\" dir=\"ltr\" role=\"link\" href=\"https:\/\/twitter.com\/hashtag\/EligeVotar?src=hashtag_click\">#EligeVotar: <\/a><\/span><a class=\"css-4rbku5 css-18t94o4 css-901oao css-16my406 r-1cvl2hr r-1loqt21 r-poiln3 r-bcqeeo r-qvutc0\" dir=\"ltr\" role=\"link\" href=\"https:\/\/twitter.com\/madagoviar\">@madagoviar <\/a><a class=\"css-4rbku5 css-18t94o4 css-901oao css-16my406 r-1cvl2hr r-1loqt21 r-poiln3 r-bcqeeo r-qvutc0\" dir=\"ltr\" role=\"link\" href=\"https:\/\/twitter.com\/Prospectivabr\">@Prospectivabr <\/a>y <a class=\"css-4rbku5 css-18t94o4 css-901oao css-16my406 r-1cvl2hr r-1loqt21 r-poiln3 r-bcqeeo r-qvutc0\" dir=\"ltr\" role=\"link\" href=\"https:\/\/twitter.com\/JairoLibreros\">@JairoLibreros <\/a><a class=\"css-4rbku5 css-18t94o4 css-901oao css-16my406 r-1cvl2hr r-1loqt21 r-poiln3 r-bcqeeo r-qvutc0\" dir=\"ltr\" role=\"link\" href=\"https:\/\/twitter.com\/UExternado\">@UExternado\u00a0<\/a><\/span><\/p>\n<blockquote hcb-fetch-image-from=\"https:\/\/twitter.com\/AmChamCol\/status\/1532726487706632194?s=20&amp;t=NWa78SQsyhZAnCMNtmu-rA\" class=\"twitter-tweet\" data-width=\"550\" data-dnt=\"true\">\n<p lang=\"es\" dir=\"ltr\">&quot;La gobernabilidad, hoy en d\u00eda depende de la calle, se han visto ejemplos desde Estados Unidos hasta Chile, en los \u00faltimos 10 a\u00f1os. Las hip\u00f3tesis se logran entender en toda su dimensi\u00f3n en \ud83c\udde8\ud83c\uddf4&quot;: <a href=\"https:\/\/twitter.com\/JairoLibreros?ref_src=twsrc%5Etfw\">@JairoLibreros<\/a>, <a href=\"https:\/\/twitter.com\/UExternado?ref_src=twsrc%5Etfw\">@UExternado<\/a>, Consultor <a href=\"https:\/\/twitter.com\/hashtag\/ProspectivaConsulting?src=hash&amp;ref_src=twsrc%5Etfw\">#ProspectivaConsulting<\/a> <a href=\"https:\/\/twitter.com\/hashtag\/EligeVotar?src=hash&amp;ref_src=twsrc%5Etfw\">#EligeVotar<\/a> <a href=\"https:\/\/t.co\/DUX0G4LOOV\">pic.twitter.com\/DUX0G4LOOV<\/a><\/p>\n<p>&mdash; C\u00e1mara Colombo Americana &#8211; AmCham Colombia (@AmChamCol) <a href=\"https:\/\/twitter.com\/AmChamCol\/status\/1532726487706632194?ref_src=twsrc%5Etfw\">June 3, 2022<\/a><\/p><\/blockquote>\n<p><script async src=\"https:\/\/platform.twitter.com\/widgets.js\" charset=\"utf-8\"><\/script><\/p>\n<p><span style=\"font-size: 14pt;\"><strong>AmCham Colombia<\/strong>\u00a0<span class=\"r-18u37iz\"><a class=\"css-4rbku5 css-18t94o4 css-901oao css-16my406 r-1cvl2hr r-1loqt21 r-poiln3 r-bcqeeo r-qvutc0\" dir=\"ltr\" role=\"link\" href=\"https:\/\/twitter.com\/AmChamCol\">@AmChamCol<\/a><\/span>: <strong>Prospectiva<\/strong> <span class=\"r-18u37iz\"><a class=\"css-4rbku5 css-18t94o4 css-901oao css-16my406 r-1cvl2hr r-1loqt21 r-poiln3 r-bcqeeo r-qvutc0\" dir=\"ltr\" role=\"link\" href=\"https:\/\/twitter.com\/Prospectivabr\">@Prospectivabr <\/a><\/span><span class=\"r-18u37iz\"><a class=\"css-4rbku5 css-18t94o4 css-901oao css-16my406 r-1cvl2hr r-1loqt21 r-poiln3 r-bcqeeo r-qvutc0\" dir=\"ltr\" role=\"link\" href=\"https:\/\/twitter.com\/hashtag\/ProspectivaConsulting?src=hashtag_click\">#ProspectivaConsulting<\/a><\/span> <span class=\"r-18u37iz\"><a class=\"css-4rbku5 css-18t94o4 css-901oao css-16my406 r-1cvl2hr r-1loqt21 r-poiln3 r-bcqeeo r-qvutc0\" dir=\"ltr\" role=\"link\" href=\"https:\/\/twitter.com\/hashtag\/EligeVotar?src=hashtag_click\">#EligeVotar: <\/a><\/span><a class=\"css-4rbku5 css-18t94o4 css-901oao css-16my406 r-1cvl2hr r-1loqt21 r-poiln3 r-bcqeeo r-qvutc0\" dir=\"ltr\" role=\"link\" href=\"https:\/\/twitter.com\/madagoviar\">@madagoviar <\/a><a class=\"css-4rbku5 css-18t94o4 css-901oao css-16my406 r-1cvl2hr r-1loqt21 r-poiln3 r-bcqeeo r-qvutc0\" dir=\"ltr\" role=\"link\" href=\"https:\/\/twitter.com\/Prospectivabr\">@Prospectivabr <\/a>y <a class=\"css-4rbku5 css-18t94o4 css-901oao css-16my406 r-1cvl2hr r-1loqt21 r-poiln3 r-bcqeeo r-qvutc0\" dir=\"ltr\" role=\"link\" href=\"https:\/\/twitter.com\/JairoLibreros\">@JairoLibreros <\/a><a class=\"css-4rbku5 css-18t94o4 css-901oao css-16my406 r-1cvl2hr r-1loqt21 r-poiln3 r-bcqeeo r-qvutc0\" dir=\"ltr\" role=\"link\" href=\"https:\/\/twitter.com\/UExternado\">@UExternado\u00a0<\/a><\/span><\/p>\n<blockquote hcb-fetch-image-from=\"https:\/\/twitter.com\/AmChamCol\/status\/1532728857798778880?s=20&amp;t=NWa78SQsyhZAnCMNtmu-rA\" class=\"twitter-tweet\" data-width=\"550\" data-dnt=\"true\">\n<p lang=\"es\" dir=\"ltr\">&quot;Los partidos pol\u00edticos tienen que volver a convertirse en lo que deber\u00edan ser, tienen que ser la bisagra entre las necesidades del pueblo y la capacidad de administrar las pol\u00edticas publicas&quot;: <a href=\"https:\/\/twitter.com\/JairoLibreros?ref_src=twsrc%5Etfw\">@JairoLibreros<\/a>, Consultor <a href=\"https:\/\/twitter.com\/Prospectivabr?ref_src=twsrc%5Etfw\">@Prospectivabr<\/a> <a href=\"https:\/\/twitter.com\/hashtag\/EligeVotar?src=hash&amp;ref_src=twsrc%5Etfw\">#EligeVotar<\/a><br \/>\ud83d\udcf9\u27a1\ufe0f: <a href=\"https:\/\/t.co\/tWw7JTiPwj\">https:\/\/t.co\/tWw7JTiPwj<\/a> <a href=\"https:\/\/t.co\/qNqPtnLzZk\">pic.twitter.com\/qNqPtnLzZk<\/a><\/p>\n<p>&mdash; C\u00e1mara Colombo Americana &#8211; AmCham Colombia (@AmChamCol) <a href=\"https:\/\/twitter.com\/AmChamCol\/status\/1532728857798778880?ref_src=twsrc%5Etfw\">June 3, 2022<\/a><\/p><\/blockquote>\n<p><script async src=\"https:\/\/platform.twitter.com\/widgets.js\" charset=\"utf-8\"><\/script><\/p>\n<p><span style=\"font-size: 14pt;\"><strong>AmCham Colombia<\/strong>\u00a0<span class=\"r-18u37iz\"><a class=\"css-4rbku5 css-18t94o4 css-901oao css-16my406 r-1cvl2hr r-1loqt21 r-poiln3 r-bcqeeo r-qvutc0\" dir=\"ltr\" role=\"link\" href=\"https:\/\/twitter.com\/AmChamCol\">@AmChamCol<\/a><\/span>: <strong>Prospectiva<\/strong> <span class=\"r-18u37iz\"><a class=\"css-4rbku5 css-18t94o4 css-901oao css-16my406 r-1cvl2hr r-1loqt21 r-poiln3 r-bcqeeo r-qvutc0\" dir=\"ltr\" role=\"link\" href=\"https:\/\/twitter.com\/Prospectivabr\">@Prospectivabr <\/a><\/span><span class=\"r-18u37iz\"><a class=\"css-4rbku5 css-18t94o4 css-901oao css-16my406 r-1cvl2hr r-1loqt21 r-poiln3 r-bcqeeo r-qvutc0\" dir=\"ltr\" role=\"link\" href=\"https:\/\/twitter.com\/hashtag\/ProspectivaConsulting?src=hashtag_click\">#ProspectivaConsulting<\/a><\/span> <span class=\"r-18u37iz\"><a class=\"css-4rbku5 css-18t94o4 css-901oao css-16my406 r-1cvl2hr r-1loqt21 r-poiln3 r-bcqeeo r-qvutc0\" dir=\"ltr\" role=\"link\" href=\"https:\/\/twitter.com\/hashtag\/EligeVotar?src=hashtag_click\">#EligeVotar: <\/a><\/span><a class=\"css-4rbku5 css-18t94o4 css-901oao css-16my406 r-1cvl2hr r-1loqt21 r-poiln3 r-bcqeeo r-qvutc0\" dir=\"ltr\" role=\"link\" href=\"https:\/\/twitter.com\/madagoviar\">@madagoviar <\/a><a class=\"css-4rbku5 css-18t94o4 css-901oao css-16my406 r-1cvl2hr r-1loqt21 r-poiln3 r-bcqeeo r-qvutc0\" dir=\"ltr\" role=\"link\" href=\"https:\/\/twitter.com\/Prospectivabr\">@Prospectivabr <\/a>y <a class=\"css-4rbku5 css-18t94o4 css-901oao css-16my406 r-1cvl2hr r-1loqt21 r-poiln3 r-bcqeeo r-qvutc0\" dir=\"ltr\" role=\"link\" href=\"https:\/\/twitter.com\/JairoLibreros\">@JairoLibreros <\/a><a class=\"css-4rbku5 css-18t94o4 css-901oao css-16my406 r-1cvl2hr r-1loqt21 r-poiln3 r-bcqeeo r-qvutc0\" dir=\"ltr\" role=\"link\" href=\"https:\/\/twitter.com\/UExternado\">@UExternado\u00a0<\/a><\/span><\/p>\n<blockquote hcb-fetch-image-from=\"https:\/\/twitter.com\/AmChamCol\/status\/1532731222618685440?s=20&amp;t=NWa78SQsyhZAnCMNtmu-rA\" class=\"twitter-tweet\" data-width=\"550\" data-dnt=\"true\">\n<p lang=\"es\" dir=\"ltr\">&quot;El 20 de julio, sin gabinete establecido p\u00fablicamente, por parte de <a href=\"https:\/\/twitter.com\/ingrodolfohdez?ref_src=twsrc%5Etfw\">@ingrodolfohdez<\/a> o <a href=\"https:\/\/twitter.com\/petrogustavo?ref_src=twsrc%5Etfw\">@petrogustavo<\/a>, quien sea presidente, deber\u00e1 definirse como partido de oposici\u00f3n y ese espacio va a ser determinante para reinventarse&quot;: <a href=\"https:\/\/twitter.com\/JairoLibreros?ref_src=twsrc%5Etfw\">@JairoLibreros<\/a>, Consultor <a href=\"https:\/\/twitter.com\/Prospectivabr?ref_src=twsrc%5Etfw\">@Prospectivabr<\/a> <a href=\"https:\/\/twitter.com\/hashtag\/EligeVotar?src=hash&amp;ref_src=twsrc%5Etfw\">#EligeVotar<\/a> <a href=\"https:\/\/t.co\/O5uXTP4SSo\">pic.twitter.com\/O5uXTP4SSo<\/a><\/p>\n<p>&mdash; C\u00e1mara Colombo Americana &#8211; AmCham Colombia (@AmChamCol) <a href=\"https:\/\/twitter.com\/AmChamCol\/status\/1532731222618685440?ref_src=twsrc%5Etfw\">June 3, 2022<\/a><\/p><\/blockquote>\n<p><script async src=\"https:\/\/platform.twitter.com\/widgets.js\" charset=\"utf-8\"><\/script><\/p>\n<p><span style=\"font-size: 14pt;\"><strong>AmCham Colombia<\/strong>\u00a0<span class=\"r-18u37iz\"><a class=\"css-4rbku5 css-18t94o4 css-901oao css-16my406 r-1cvl2hr r-1loqt21 r-poiln3 r-bcqeeo r-qvutc0\" dir=\"ltr\" role=\"link\" href=\"https:\/\/twitter.com\/AmChamCol\">@AmChamCol<\/a><\/span>: <strong>Prospectiva<\/strong> <span class=\"r-18u37iz\"><a class=\"css-4rbku5 css-18t94o4 css-901oao css-16my406 r-1cvl2hr r-1loqt21 r-poiln3 r-bcqeeo r-qvutc0\" dir=\"ltr\" role=\"link\" href=\"https:\/\/twitter.com\/Prospectivabr\">@Prospectivabr <\/a><\/span><span class=\"r-18u37iz\"><a class=\"css-4rbku5 css-18t94o4 css-901oao css-16my406 r-1cvl2hr r-1loqt21 r-poiln3 r-bcqeeo r-qvutc0\" dir=\"ltr\" role=\"link\" href=\"https:\/\/twitter.com\/hashtag\/ProspectivaConsulting?src=hashtag_click\">#ProspectivaConsulting<\/a><\/span> <span class=\"r-18u37iz\"><a class=\"css-4rbku5 css-18t94o4 css-901oao css-16my406 r-1cvl2hr r-1loqt21 r-poiln3 r-bcqeeo r-qvutc0\" dir=\"ltr\" role=\"link\" href=\"https:\/\/twitter.com\/hashtag\/EligeVotar?src=hashtag_click\">#EligeVotar: <\/a><\/span><a class=\"css-4rbku5 css-18t94o4 css-901oao css-16my406 r-1cvl2hr r-1loqt21 r-poiln3 r-bcqeeo r-qvutc0\" dir=\"ltr\" role=\"link\" href=\"https:\/\/twitter.com\/madagoviar\">@madagoviar <\/a><a class=\"css-4rbku5 css-18t94o4 css-901oao css-16my406 r-1cvl2hr r-1loqt21 r-poiln3 r-bcqeeo r-qvutc0\" dir=\"ltr\" role=\"link\" href=\"https:\/\/twitter.com\/Prospectivabr\">@Prospectivabr <\/a>y <a class=\"css-4rbku5 css-18t94o4 css-901oao css-16my406 r-1cvl2hr r-1loqt21 r-poiln3 r-bcqeeo r-qvutc0\" dir=\"ltr\" role=\"link\" href=\"https:\/\/twitter.com\/JairoLibreros\">@JairoLibreros <\/a><a class=\"css-4rbku5 css-18t94o4 css-901oao css-16my406 r-1cvl2hr r-1loqt21 r-poiln3 r-bcqeeo r-qvutc0\" dir=\"ltr\" role=\"link\" href=\"https:\/\/twitter.com\/UExternado\">@UExternado\u00a0<\/a><\/span><\/p>\n<blockquote hcb-fetch-image-from=\"https:\/\/twitter.com\/AmChamCol\/status\/1532732563801919490?s=20&amp;t=NWa78SQsyhZAnCMNtmu-rA\" class=\"twitter-tweet\" data-width=\"550\" data-dnt=\"true\">\n<p lang=\"es\" dir=\"ltr\">&quot;El 68% de los ciudadanos que acudieron a las urnas quieren un cambio, pero cambio no es sin\u00f3nimo de utilizar mecanismos de Estado de excepci\u00f3n, ninguno ser\u00e1 apoyado por la Corte Constitucional&quot;: <a href=\"https:\/\/twitter.com\/JairoLibreros?ref_src=twsrc%5Etfw\">@JairoLibreros<\/a>, Consultor <a href=\"https:\/\/twitter.com\/Prospectivabr?ref_src=twsrc%5Etfw\">@Prospectivabr<\/a> <a href=\"https:\/\/twitter.com\/hashtag\/EligeVotar?src=hash&amp;ref_src=twsrc%5Etfw\">#EligeVotar<\/a>\ud83d\udcf9\u27a1\ufe0f: <a href=\"https:\/\/t.co\/tWw7JTiPwj\">https:\/\/t.co\/tWw7JTiPwj<\/a> <a href=\"https:\/\/t.co\/7XEie1vKfb\">pic.twitter.com\/7XEie1vKfb<\/a><\/p>\n<p>&mdash; C\u00e1mara Colombo Americana &#8211; AmCham Colombia (@AmChamCol) <a href=\"https:\/\/twitter.com\/AmChamCol\/status\/1532732563801919490?ref_src=twsrc%5Etfw\">June 3, 2022<\/a><\/p><\/blockquote>\n<p><script async src=\"https:\/\/platform.twitter.com\/widgets.js\" charset=\"utf-8\"><\/script><\/p>\n<p><span style=\"font-size: 14pt;\"><strong>AmCham Colombia<\/strong>\u00a0<span class=\"r-18u37iz\"><a class=\"css-4rbku5 css-18t94o4 css-901oao css-16my406 r-1cvl2hr r-1loqt21 r-poiln3 r-bcqeeo r-qvutc0\" dir=\"ltr\" role=\"link\" href=\"https:\/\/twitter.com\/AmChamCol\">@AmChamCol<\/a><\/span>: <strong>Prospectiva<\/strong> <span class=\"r-18u37iz\"><a class=\"css-4rbku5 css-18t94o4 css-901oao css-16my406 r-1cvl2hr r-1loqt21 r-poiln3 r-bcqeeo r-qvutc0\" dir=\"ltr\" role=\"link\" href=\"https:\/\/twitter.com\/Prospectivabr\">@Prospectivabr <\/a><\/span><span class=\"r-18u37iz\"><a class=\"css-4rbku5 css-18t94o4 css-901oao css-16my406 r-1cvl2hr r-1loqt21 r-poiln3 r-bcqeeo r-qvutc0\" dir=\"ltr\" role=\"link\" href=\"https:\/\/twitter.com\/hashtag\/ProspectivaConsulting?src=hashtag_click\">#ProspectivaConsulting<\/a><\/span> <span class=\"r-18u37iz\"><a class=\"css-4rbku5 css-18t94o4 css-901oao css-16my406 r-1cvl2hr r-1loqt21 r-poiln3 r-bcqeeo r-qvutc0\" dir=\"ltr\" role=\"link\" href=\"https:\/\/twitter.com\/hashtag\/EligeVotar?src=hashtag_click\">#EligeVotar: <\/a><\/span><a class=\"css-4rbku5 css-18t94o4 css-901oao css-16my406 r-1cvl2hr r-1loqt21 r-poiln3 r-bcqeeo r-qvutc0\" dir=\"ltr\" role=\"link\" href=\"https:\/\/twitter.com\/madagoviar\">@madagoviar <\/a><a class=\"css-4rbku5 css-18t94o4 css-901oao css-16my406 r-1cvl2hr r-1loqt21 r-poiln3 r-bcqeeo r-qvutc0\" dir=\"ltr\" role=\"link\" href=\"https:\/\/twitter.com\/Prospectivabr\">@Prospectivabr <\/a>y <a class=\"css-4rbku5 css-18t94o4 css-901oao css-16my406 r-1cvl2hr r-1loqt21 r-poiln3 r-bcqeeo r-qvutc0\" dir=\"ltr\" role=\"link\" href=\"https:\/\/twitter.com\/JairoLibreros\">@JairoLibreros <\/a><a class=\"css-4rbku5 css-18t94o4 css-901oao css-16my406 r-1cvl2hr r-1loqt21 r-poiln3 r-bcqeeo r-qvutc0\" dir=\"ltr\" role=\"link\" href=\"https:\/\/twitter.com\/UExternado\">@UExternado\u00a0<\/a><\/span><\/p>\n<blockquote hcb-fetch-image-from=\"https:\/\/twitter.com\/AmChamCol\/status\/1532735652101558272?s=20&amp;t=NWa78SQsyhZAnCMNtmu-rA\" class=\"twitter-tweet\" data-width=\"550\" data-dnt=\"true\">\n<p lang=\"es\" dir=\"ltr\">&quot;La gobernabilidad en materia de reformas se gana en dos frentes, el primero de ellos: justicia. Los dos deben presentar una reforma a la justica, les va a dar oxigeno, m\u00e1s no gobernabilidad&quot;: <a href=\"https:\/\/twitter.com\/JairoLibreros?ref_src=twsrc%5Etfw\">@JairoLibreros<\/a>, Consultor <a href=\"https:\/\/twitter.com\/Prospectivabr?ref_src=twsrc%5Etfw\">@Prospectivabr<\/a> <a href=\"https:\/\/twitter.com\/hashtag\/EligeVotar?src=hash&amp;ref_src=twsrc%5Etfw\">#EligeVotar<\/a> <a href=\"https:\/\/t.co\/zxb35NQSaX\">pic.twitter.com\/zxb35NQSaX<\/a><\/p>\n<p>&mdash; C\u00e1mara Colombo Americana &#8211; AmCham Colombia (@AmChamCol) <a href=\"https:\/\/twitter.com\/AmChamCol\/status\/1532735652101558272?ref_src=twsrc%5Etfw\">June 3, 2022<\/a><\/p><\/blockquote>\n<p><script async src=\"https:\/\/platform.twitter.com\/widgets.js\" charset=\"utf-8\"><\/script><\/p>\n<p><span style=\"font-size: 14pt;\"><strong>AmCham Colombia<\/strong>\u00a0<span class=\"r-18u37iz\"><a class=\"css-4rbku5 css-18t94o4 css-901oao css-16my406 r-1cvl2hr r-1loqt21 r-poiln3 r-bcqeeo r-qvutc0\" dir=\"ltr\" role=\"link\" href=\"https:\/\/twitter.com\/AmChamCol\">@AmChamCol<\/a><\/span>: <strong>Prospectiva<\/strong> <span class=\"r-18u37iz\"><a class=\"css-4rbku5 css-18t94o4 css-901oao css-16my406 r-1cvl2hr r-1loqt21 r-poiln3 r-bcqeeo r-qvutc0\" dir=\"ltr\" role=\"link\" href=\"https:\/\/twitter.com\/Prospectivabr\">@Prospectivabr <\/a><\/span><span class=\"r-18u37iz\"><a class=\"css-4rbku5 css-18t94o4 css-901oao css-16my406 r-1cvl2hr r-1loqt21 r-poiln3 r-bcqeeo r-qvutc0\" dir=\"ltr\" role=\"link\" href=\"https:\/\/twitter.com\/hashtag\/ProspectivaConsulting?src=hashtag_click\">#ProspectivaConsulting<\/a><\/span> <span class=\"r-18u37iz\"><a class=\"css-4rbku5 css-18t94o4 css-901oao css-16my406 r-1cvl2hr r-1loqt21 r-poiln3 r-bcqeeo r-qvutc0\" dir=\"ltr\" role=\"link\" href=\"https:\/\/twitter.com\/hashtag\/EligeVotar?src=hashtag_click\">#EligeVotar: <\/a><\/span><a class=\"css-4rbku5 css-18t94o4 css-901oao css-16my406 r-1cvl2hr r-1loqt21 r-poiln3 r-bcqeeo r-qvutc0\" dir=\"ltr\" role=\"link\" href=\"https:\/\/twitter.com\/madagoviar\">@madagoviar <\/a><a class=\"css-4rbku5 css-18t94o4 css-901oao css-16my406 r-1cvl2hr r-1loqt21 r-poiln3 r-bcqeeo r-qvutc0\" dir=\"ltr\" role=\"link\" href=\"https:\/\/twitter.com\/Prospectivabr\">@Prospectivabr <\/a>y <a class=\"css-4rbku5 css-18t94o4 css-901oao css-16my406 r-1cvl2hr r-1loqt21 r-poiln3 r-bcqeeo r-qvutc0\" dir=\"ltr\" role=\"link\" href=\"https:\/\/twitter.com\/JairoLibreros\">@JairoLibreros <\/a><a class=\"css-4rbku5 css-18t94o4 css-901oao css-16my406 r-1cvl2hr r-1loqt21 r-poiln3 r-bcqeeo r-qvutc0\" dir=\"ltr\" role=\"link\" href=\"https:\/\/twitter.com\/UExternado\">@UExternado\u00a0<\/a><\/span><\/p>\n<blockquote hcb-fetch-image-from=\"https:\/\/twitter.com\/AmChamCol\/status\/1532736425082376192?s=20&amp;t=NWa78SQsyhZAnCMNtmu-rA\" class=\"twitter-tweet\" data-width=\"550\" data-dnt=\"true\">\n<p lang=\"es\" dir=\"ltr\">&quot;El segundo frente es la reforma tributaria, se requiere un mejor flujo y una tributaci\u00f3n que resulte m\u00e1s equitativa. En el caso de <a href=\"https:\/\/twitter.com\/petrogustavo?ref_src=twsrc%5Etfw\">@petrogustavo<\/a> se sentir\u00eda muy fuerte; desde <a href=\"https:\/\/twitter.com\/ingrodolfohdez?ref_src=twsrc%5Etfw\">@ingrodolfohdez<\/a> puede ser m\u00e1s consensuada&quot;: <a href=\"https:\/\/twitter.com\/JairoLibreros?ref_src=twsrc%5Etfw\">@JairoLibreros<\/a>, Consultor <a href=\"https:\/\/twitter.com\/Prospectivabr?ref_src=twsrc%5Etfw\">@Prospectivabr<\/a> <a href=\"https:\/\/twitter.com\/hashtag\/EligeVotar?src=hash&amp;ref_src=twsrc%5Etfw\">#EligeVotar<\/a> <a href=\"https:\/\/t.co\/DzflcC6pag\">pic.twitter.com\/DzflcC6pag<\/a><\/p>\n<p>&mdash; C\u00e1mara Colombo Americana &#8211; AmCham Colombia (@AmChamCol) <a href=\"https:\/\/twitter.com\/AmChamCol\/status\/1532736425082376192?ref_src=twsrc%5Etfw\">June 3, 2022<\/a><\/p><\/blockquote>\n<p><script async src=\"https:\/\/platform.twitter.com\/widgets.js\" charset=\"utf-8\"><\/script><\/p>\n<p><span style=\"font-size: 14pt;\"><strong>AmCham Colombia<\/strong>\u00a0<span class=\"r-18u37iz\"><a class=\"css-4rbku5 css-18t94o4 css-901oao css-16my406 r-1cvl2hr r-1loqt21 r-poiln3 r-bcqeeo r-qvutc0\" dir=\"ltr\" role=\"link\" href=\"https:\/\/twitter.com\/AmChamCol\">@AmChamCol<\/a><\/span>: <strong>Prospectiva<\/strong> <span class=\"r-18u37iz\"><a class=\"css-4rbku5 css-18t94o4 css-901oao css-16my406 r-1cvl2hr r-1loqt21 r-poiln3 r-bcqeeo r-qvutc0\" dir=\"ltr\" role=\"link\" href=\"https:\/\/twitter.com\/Prospectivabr\">@Prospectivabr <\/a><\/span><span class=\"r-18u37iz\"><a class=\"css-4rbku5 css-18t94o4 css-901oao css-16my406 r-1cvl2hr r-1loqt21 r-poiln3 r-bcqeeo r-qvutc0\" dir=\"ltr\" role=\"link\" href=\"https:\/\/twitter.com\/hashtag\/ProspectivaConsulting?src=hashtag_click\">#ProspectivaConsulting<\/a><\/span> <span class=\"r-18u37iz\"><a class=\"css-4rbku5 css-18t94o4 css-901oao css-16my406 r-1cvl2hr r-1loqt21 r-poiln3 r-bcqeeo r-qvutc0\" dir=\"ltr\" role=\"link\" href=\"https:\/\/twitter.com\/hashtag\/EligeVotar?src=hashtag_click\">#EligeVotar: <\/a><\/span><a class=\"css-4rbku5 css-18t94o4 css-901oao css-16my406 r-1cvl2hr r-1loqt21 r-poiln3 r-bcqeeo r-qvutc0\" dir=\"ltr\" role=\"link\" href=\"https:\/\/twitter.com\/madagoviar\">@madagoviar <\/a><a class=\"css-4rbku5 css-18t94o4 css-901oao css-16my406 r-1cvl2hr r-1loqt21 r-poiln3 r-bcqeeo r-qvutc0\" dir=\"ltr\" role=\"link\" href=\"https:\/\/twitter.com\/Prospectivabr\">@Prospectivabr <\/a>y <a class=\"css-4rbku5 css-18t94o4 css-901oao css-16my406 r-1cvl2hr r-1loqt21 r-poiln3 r-bcqeeo r-qvutc0\" dir=\"ltr\" role=\"link\" href=\"https:\/\/twitter.com\/JairoLibreros\">@JairoLibreros <\/a><a class=\"css-4rbku5 css-18t94o4 css-901oao css-16my406 r-1cvl2hr r-1loqt21 r-poiln3 r-bcqeeo r-qvutc0\" dir=\"ltr\" role=\"link\" href=\"https:\/\/twitter.com\/UExternado\">@UExternado\u00a0<\/a><\/span><\/p>\n<blockquote hcb-fetch-image-from=\"https:\/\/twitter.com\/AmChamCol\/status\/1532737635961249792?s=20&amp;t=NWa78SQsyhZAnCMNtmu-rA\" class=\"twitter-tweet\" data-width=\"550\" data-dnt=\"true\">\n<p lang=\"es\" dir=\"ltr\">&quot;El pr\u00f3ximo presidente va a encontrarse con unos indicadores importantes en materia de seguridad, por ejemplo, modalidades delictivas a la baja. La gran dificultad que se van a encontrar es la alta percepci\u00f3n de inseguridad&quot;: <a href=\"https:\/\/twitter.com\/JairoLibreros?ref_src=twsrc%5Etfw\">@JairoLibreros<\/a>, Consultor <a href=\"https:\/\/twitter.com\/Prospectivabr?ref_src=twsrc%5Etfw\">@Prospectivabr<\/a> <a href=\"https:\/\/twitter.com\/hashtag\/EligeVotar?src=hash&amp;ref_src=twsrc%5Etfw\">#EligeVotar<\/a> <a href=\"https:\/\/t.co\/TkCSwcnfkL\">pic.twitter.com\/TkCSwcnfkL<\/a><\/p>\n<p>&mdash; C\u00e1mara Colombo Americana &#8211; AmCham Colombia (@AmChamCol) <a href=\"https:\/\/twitter.com\/AmChamCol\/status\/1532737635961249792?ref_src=twsrc%5Etfw\">June 3, 2022<\/a><\/p><\/blockquote>\n<p><script async src=\"https:\/\/platform.twitter.com\/widgets.js\" charset=\"utf-8\"><\/script><\/p>\n<p><span style=\"font-size: 14pt;\"><strong>AmCham Colombia<\/strong>\u00a0<span class=\"r-18u37iz\"><a class=\"css-4rbku5 css-18t94o4 css-901oao css-16my406 r-1cvl2hr r-1loqt21 r-poiln3 r-bcqeeo r-qvutc0\" dir=\"ltr\" role=\"link\" href=\"https:\/\/twitter.com\/AmChamCol\">@AmChamCol<\/a><\/span>: <strong>Prospectiva<\/strong> <span class=\"r-18u37iz\"><a class=\"css-4rbku5 css-18t94o4 css-901oao css-16my406 r-1cvl2hr r-1loqt21 r-poiln3 r-bcqeeo r-qvutc0\" dir=\"ltr\" role=\"link\" href=\"https:\/\/twitter.com\/Prospectivabr\">@Prospectivabr <\/a><\/span><span class=\"r-18u37iz\"><a class=\"css-4rbku5 css-18t94o4 css-901oao css-16my406 r-1cvl2hr r-1loqt21 r-poiln3 r-bcqeeo r-qvutc0\" dir=\"ltr\" role=\"link\" href=\"https:\/\/twitter.com\/hashtag\/ProspectivaConsulting?src=hashtag_click\">#ProspectivaConsulting<\/a><\/span> <span class=\"r-18u37iz\"><a class=\"css-4rbku5 css-18t94o4 css-901oao css-16my406 r-1cvl2hr r-1loqt21 r-poiln3 r-bcqeeo r-qvutc0\" dir=\"ltr\" role=\"link\" href=\"https:\/\/twitter.com\/hashtag\/EligeVotar?src=hashtag_click\">#EligeVotar: <\/a><\/span><a class=\"css-4rbku5 css-18t94o4 css-901oao css-16my406 r-1cvl2hr r-1loqt21 r-poiln3 r-bcqeeo r-qvutc0\" dir=\"ltr\" role=\"link\" href=\"https:\/\/twitter.com\/madagoviar\">@madagoviar <\/a><a class=\"css-4rbku5 css-18t94o4 css-901oao css-16my406 r-1cvl2hr r-1loqt21 r-poiln3 r-bcqeeo r-qvutc0\" dir=\"ltr\" role=\"link\" href=\"https:\/\/twitter.com\/Prospectivabr\">@Prospectivabr <\/a>y <a class=\"css-4rbku5 css-18t94o4 css-901oao css-16my406 r-1cvl2hr r-1loqt21 r-poiln3 r-bcqeeo r-qvutc0\" dir=\"ltr\" role=\"link\" href=\"https:\/\/twitter.com\/JairoLibreros\">@JairoLibreros <\/a><a class=\"css-4rbku5 css-18t94o4 css-901oao css-16my406 r-1cvl2hr r-1loqt21 r-poiln3 r-bcqeeo r-qvutc0\" dir=\"ltr\" role=\"link\" href=\"https:\/\/twitter.com\/UExternado\">@UExternado\u00a0<\/a><\/span><\/p>\n<blockquote hcb-fetch-image-from=\"https:\/\/twitter.com\/AmChamCol\/status\/1532739433665122304?s=20&amp;t=NWa78SQsyhZAnCMNtmu-rA\" class=\"twitter-tweet\" data-width=\"550\" data-dnt=\"true\">\n<p lang=\"es\" dir=\"ltr\">&quot;El principal reto en el frente de seguridad y orden p\u00fablico es garantizar la subordinaci\u00f3n de la Fuerza P\u00fablica a la Casa de Nari\u00f1o; el retroceso es monumental, nos establece en los a\u00f1os 90&quot;: <a href=\"https:\/\/twitter.com\/JairoLibreros?ref_src=twsrc%5Etfw\">@JairoLibreros<\/a>, Consultor <a href=\"https:\/\/twitter.com\/Prospectivabr?ref_src=twsrc%5Etfw\">@Prospectivabr<\/a> <a href=\"https:\/\/twitter.com\/hashtag\/EligeVotar?src=hash&amp;ref_src=twsrc%5Etfw\">#EligeVotar<\/a><br \/>\ud83d\udcf9\u27a1\ufe0f: <a href=\"https:\/\/t.co\/tWw7JTiPwj\">https:\/\/t.co\/tWw7JTiPwj<\/a> <a href=\"https:\/\/t.co\/3RhsbsvBmv\">pic.twitter.com\/3RhsbsvBmv<\/a><\/p>\n<p>&mdash; C\u00e1mara Colombo Americana &#8211; AmCham Colombia (@AmChamCol) <a href=\"https:\/\/twitter.com\/AmChamCol\/status\/1532739433665122304?ref_src=twsrc%5Etfw\">June 3, 2022<\/a><\/p><\/blockquote>\n<p><script async src=\"https:\/\/platform.twitter.com\/widgets.js\" charset=\"utf-8\"><\/script><\/p>\n<p><span style=\"font-size: 14pt;\"><strong>AmCham Colombia<\/strong>\u00a0<span class=\"r-18u37iz\"><a class=\"css-4rbku5 css-18t94o4 css-901oao css-16my406 r-1cvl2hr r-1loqt21 r-poiln3 r-bcqeeo r-qvutc0\" dir=\"ltr\" role=\"link\" href=\"https:\/\/twitter.com\/AmChamCol\">@AmChamCol<\/a><\/span>: <strong>Prospectiva<\/strong> <span class=\"r-18u37iz\"><a class=\"css-4rbku5 css-18t94o4 css-901oao css-16my406 r-1cvl2hr r-1loqt21 r-poiln3 r-bcqeeo r-qvutc0\" dir=\"ltr\" role=\"link\" href=\"https:\/\/twitter.com\/Prospectivabr\">@Prospectivabr <\/a><\/span><span class=\"r-18u37iz\"><a class=\"css-4rbku5 css-18t94o4 css-901oao css-16my406 r-1cvl2hr r-1loqt21 r-poiln3 r-bcqeeo r-qvutc0\" dir=\"ltr\" role=\"link\" href=\"https:\/\/twitter.com\/hashtag\/ProspectivaConsulting?src=hashtag_click\">#ProspectivaConsulting<\/a><\/span> <span class=\"r-18u37iz\"><a class=\"css-4rbku5 css-18t94o4 css-901oao css-16my406 r-1cvl2hr r-1loqt21 r-poiln3 r-bcqeeo r-qvutc0\" dir=\"ltr\" role=\"link\" href=\"https:\/\/twitter.com\/hashtag\/EligeVotar?src=hashtag_click\">#EligeVotar: <\/a><\/span><a class=\"css-4rbku5 css-18t94o4 css-901oao css-16my406 r-1cvl2hr r-1loqt21 r-poiln3 r-bcqeeo r-qvutc0\" dir=\"ltr\" role=\"link\" href=\"https:\/\/twitter.com\/madagoviar\">@madagoviar <\/a><a class=\"css-4rbku5 css-18t94o4 css-901oao css-16my406 r-1cvl2hr r-1loqt21 r-poiln3 r-bcqeeo r-qvutc0\" dir=\"ltr\" role=\"link\" href=\"https:\/\/twitter.com\/Prospectivabr\">@Prospectivabr <\/a>y <a class=\"css-4rbku5 css-18t94o4 css-901oao css-16my406 r-1cvl2hr r-1loqt21 r-poiln3 r-bcqeeo r-qvutc0\" dir=\"ltr\" role=\"link\" href=\"https:\/\/twitter.com\/JairoLibreros\">@JairoLibreros <\/a><a class=\"css-4rbku5 css-18t94o4 css-901oao css-16my406 r-1cvl2hr r-1loqt21 r-poiln3 r-bcqeeo r-qvutc0\" dir=\"ltr\" role=\"link\" href=\"https:\/\/twitter.com\/UExternado\">@UExternado\u00a0<\/a><\/span><\/p>\n<blockquote hcb-fetch-image-from=\"https:\/\/twitter.com\/AmChamCol\/status\/1532741484600037377?s=20&amp;t=NWa78SQsyhZAnCMNtmu-rA\" class=\"twitter-tweet\" data-width=\"550\" data-dnt=\"true\">\n<p lang=\"es\" dir=\"ltr\">Agradecemos a <a href=\"https:\/\/twitter.com\/madagoviar?ref_src=twsrc%5Etfw\">@madagoviar<\/a> de <a href=\"https:\/\/twitter.com\/Prospectivabr?ref_src=twsrc%5Etfw\">@Prospectivabr<\/a> y <a href=\"https:\/\/twitter.com\/JairoLibreros?ref_src=twsrc%5Etfw\">@JairoLibreros<\/a>, Consultor de <a href=\"https:\/\/twitter.com\/hashtag\/ProspectivaConsulting?src=hash&amp;ref_src=twsrc%5Etfw\">#ProspectivaConsulting<\/a> por su participaci\u00f3n en temas de Gobernabilidad, Congreso y Fuerza P\u00fablica en ciclo de an\u00e1lisis electoral de camino a la segunda vuelta para elegir al pr\u00f3ximo presidente <a href=\"https:\/\/twitter.com\/hashtag\/EligeVotar?src=hash&amp;ref_src=twsrc%5Etfw\">#EligeVotar<\/a> <a href=\"https:\/\/t.co\/6duySLCyxN\">pic.twitter.com\/6duySLCyxN<\/a><\/p>\n<p>&mdash; C\u00e1mara Colombo Americana &#8211; AmCham Colombia (@AmChamCol) <a href=\"https:\/\/twitter.com\/AmChamCol\/status\/1532741484600037377?ref_src=twsrc%5Etfw\">June 3, 2022<\/a><\/p><\/blockquote>\n<p><script async src=\"https:\/\/platform.twitter.com\/widgets.js\" charset=\"utf-8\"><\/script><\/p>\n<p><span style=\"font-size: 14pt;\"><strong>Esta es la conversaci\u00f3n que sostuve con Mario G\u00f3mez en el Ciclo de an\u00e1lisis electoral de Amcham Colombia y Prospectiva -Colombia y Brasil- \u2935\ufe0f<\/strong><\/span><\/p>\n<p><iframe hcb-fetch-image-from=\"https:\/\/youtu.be\/7-bC-8Jc_zc\" title=\"Elecciones en Colombia: Reconfiguraci\u00f3n de actores pol\u00edticos\" width=\"640\" height=\"360\" src=\"https:\/\/www.youtube.com\/embed\/7-bC-8Jc_zc?feature=oembed\" frameborder=\"0\" allow=\"accelerometer; autoplay; clipboard-write; encrypted-media; gyroscope; picture-in-picture; web-share\" referrerpolicy=\"strict-origin-when-cross-origin\" allowfullscreen><\/iframe><\/p>\n","protected":false},"excerpt":{"rendered":"<p>Reconfiguraci\u00f3n de actores pol\u00edticos Jairo Libreros\u00a0consultor asociado de Prospectiva: Ciclo de an\u00e1lisis electoral AmCham Colombia y Prospectiva -Colombia y Brasil-: reconfiguraci\u00f3n de actores <\/p>\n","protected":false},"author":1,"featured_media":425,"comment_status":"open","ping_status":"open","sticky":false,"template":"","format":"standard","meta":{"om_disable_all_campaigns":false,"_monsterinsights_skip_tracking":false,"_monsterinsights_sitenote_active":false,"_monsterinsights_sitenote_note":"","_monsterinsights_sitenote_category":0,"footnotes":""},"categories":[1],"tags":[44,90],"aioseo_notices":[],"class_list":["post-848","post","type-post","status-publish","format-standard","has-post-thumbnail","hentry","category-jairo-libreros","tag-elecciones","tag-seguridad-y-defensa-nacional"],"_links":{"self":[{"href":"https:\/\/jairolibreros.com\/index.php?rest_route=\/wp\/v2\/posts\/848"}],"collection":[{"href":"https:\/\/jairolibreros.com\/index.php?rest_route=\/wp\/v2\/posts"}],"about":[{"href":"https:\/\/jairolibreros.com\/index.php?rest_route=\/wp\/v2\/types\/post"}],"author":[{"embeddable":true,"href":"https:\/\/jairolibreros.com\/index.php?rest_route=\/wp\/v2\/users\/1"}],"replies":[{"embeddable":true,"href":"https:\/\/jairolibreros.com\/index.php?rest_route=%2Fwp%2Fv2%2Fcomments&post=848"}],"version-history":[{"count":8,"href":"https:\/\/jairolibreros.com\/index.php?rest_route=\/wp\/v2\/posts\/848\/revisions"}],"predecessor-version":[{"id":1841,"href":"https:\/\/jairolibreros.com\/index.php?rest_route=\/wp\/v2\/posts\/848\/revisions\/1841"}],"wp:featuredmedia":[{"embeddable":true,"href":"https:\/\/jairolibreros.com\/index.php?rest_route=\/wp\/v2\/media\/425"}],"wp:attachment":[{"href":"https:\/\/jairolibreros.com\/index.php?rest_route=%2Fwp%2Fv2%2Fmedia&parent=848"}],"wp:term":[{"taxonomy":"category","embeddable":true,"href":"https:\/\/jairolibreros.com\/index.php?rest_route=%2Fwp%2Fv2%2Fcategories&post=848"},{"taxonomy":"post_tag","embeddable":true,"href":"https:\/\/jairolibreros.com\/index.php?rest_route=%2Fwp%2Fv2%2Ftags&post=848"}],"curies":[{"name":"wp","href":"https:\/\/api.w.org\/{rel}","templated":true}]}}