{"id":898,"date":"2022-06-18T02:19:50","date_gmt":"2022-06-18T02:19:50","guid":{"rendered":"https:\/\/jairolibreros.com\/?p=898"},"modified":"2023-06-14T23:06:36","modified_gmt":"2023-06-14T23:06:36","slug":"reforma-tributaria-y-de-salud-que-tan-urgentes-son-y-que-proponen-los-candidatos","status":"publish","type":"post","link":"https:\/\/jairolibreros.com\/?p=898","title":{"rendered":"Reforma Tributar\u00eda y de Salud: \u00bfQu\u00e9 tan urgentes son y que proponen los candidatos?"},"content":{"rendered":"<p><span style=\"font-size: 14pt;\"><strong>Reforma Tributar\u00eda y de Salud: \u00bfQu\u00e9 tan urgentes son y que proponen los candidatos?<\/strong><\/span><\/p>\n<p><span style=\"font-size: 14pt;\"><strong>Jairo Libreros<\/strong>, panelista Hora20 de Caracol Radio: &#8220;El descontento popular tiene que ser solucionado, no importa quien llegue a la Casa de Nari\u00f1o, se tienen que atender las demandas sociales, por eso la reforma tributaria es prioritaria&#8221;.<\/span><\/p>\n<blockquote hcb-fetch-image-from=\"https:\/\/twitter.com\/JairoLibreros\/status\/1537983945777614850?s=20&amp;t=B_Y3mu_KGsV79QfjsextEw\" class=\"twitter-tweet\" data-width=\"550\" data-dnt=\"true\">\n<p lang=\"es\" dir=\"ltr\">&quot;El descontento popular tiene que ser solucionado, no importa quien llegue a la Casa de Nari\u00f1o, se tienen que atender las demandas sociales, por eso la reforma tributaria es prioritaria&quot;, <a href=\"https:\/\/twitter.com\/JairoLibreros?ref_src=twsrc%5Etfw\">@JairoLibreros<\/a> <a href=\"https:\/\/t.co\/OGktCcBTKD\">https:\/\/t.co\/OGktCcBTKD<\/a><\/p>\n<p>&mdash; Jairo Libreros (@JairoLibreros) <a href=\"https:\/\/twitter.com\/JairoLibreros\/status\/1537983945777614850?ref_src=twsrc%5Etfw\">June 18, 2022<\/a><\/p><\/blockquote>\n<p><script async src=\"https:\/\/platform.twitter.com\/widgets.js\" charset=\"utf-8\"><\/script><\/p>\n<p><span style=\"font-size: 14pt;\">Caracol Radio. <strong>Lizeth Suesca<\/strong>. 17.06.2022<\/span><\/p>\n<p class=\"p1\"><span style=\"font-size: 14pt;\">Este domingo 19 de junio los colombianos saldr\u00e1n a las urnas para elegir a su pr\u00f3ximo presidente, una contienda que se divide entre Gustavo Petro y Rodolfo Hern\u00e1ndez, quienes se disputan la elecci\u00f3n para llegar al poder durante los pr\u00f3ximos cuatro a\u00f1os.<\/span><\/p>\n<p class=\"p1\"><span style=\"font-size: 14pt;\">Aun que los aspirantes a la Casa de Nari\u00f1o ya han dejado claras sus propuestas, expertos insisten en que es necesario que el pr\u00f3ximo presidente enfoque su primer a\u00f1o en adelantar las reformas que necesita el pa\u00eds.<\/span><\/p>\n<p class=\"p1\"><span style=\"font-size: 14pt;\"><strong>Para Jairo Libreros, Analista Pol\u00edtico<\/strong>, quien gane en las urnas debe darle prioridad a la Reforma Tributaria ya que el pa\u00eds necesita fuentes nuevas de financiamiento y garantizar que las demandas sociales hechas en los \u00faltimos a\u00f1os se puedan cumplir.<\/span><\/p>\n<p class=\"p1\"><span style=\"font-size: 14pt;\">\u201cEl hueco fiscal que tenemos es inmenso, se tienen que buscar nuevas fuentes y hacer un juego entre los diferentes impuestos nacionales y territoriales, necesitamos plata. El tema del descontento popular tiene que ser subsanado, no importa qui\u00e9n llegue, se tienen que atender demandas sociales, la reforma tributaria es prioritaria\u201d, asegura.<\/span><\/p>\n<p class=\"p1\"><span style=\"font-size: 14pt;\">En cuanto a las propuestas sobre esta reforma, el candidato presidencial Gustavo Petro ha dicho que el pr\u00f3ximo gobierno si debe hacer una reforma tributaria y no evadirla; dado las necesidades de gasto social, el candidato insiste en que debe ser de cerca de 50 billones de pesos a\u00f1o, la mitad de eso, destinada a disminuir el d\u00e9ficit fiscal.<\/span><\/p>\n<p class=\"p1\"><span style=\"font-size: 14pt;\">Mientras tanto Rodolfo Hern\u00e1ndez propone un aumento del 28% en el recaudo nacional, y aplicar una tarifa general de IVA del 10 %que mantenga la canasta familiar libre del impuesto y reclasifique los dem\u00e1s bienes y servicios excluidos.<\/span><\/p>\n<p class=\"p1\"><span style=\"font-size: 14pt;\">Otra de las reformas que debe adelantarse <strong>seg\u00fan Libreros<\/strong> es la Reforma a la Salud, pues despu\u00e9s de la pandemia \u201c el sistema de salud p\u00fablica necesita una cirug\u00eda, no se trata solamente de tener recursos para garantizar el principio de la salud p\u00fablica.<\/span><\/p>\n<p class=\"p1\"><span style=\"font-size: 14pt;\">De manera particular en las finanzas de la salud p\u00fablica se requiere una atenci\u00f3n mucho m\u00e1s eficiente\u201d.<\/span><\/p>\n<p class=\"p1\"><span style=\"font-size: 14pt;\">En cuanto a la Salud, Rodolfo Hern\u00e1ndez asegura que v\u00eda normativa, se debe garantizar el pago oportuno a los prestadores del servicio, lo cual significa eliminar los costos financieros que asumen las IPS y las ESE por cuenta de la morosidad.<\/span><\/p>\n<p class=\"p1\"><span style=\"font-size: 14pt;\">Adem\u00e1s, insiste en dar atenci\u00f3n a toda la poblaci\u00f3n, sin que importe el r\u00e9gimen al cual pertenezca. Esto implica la eliminaci\u00f3n de los reg\u00edmenes existentes actualmente.<\/span><\/p>\n<p class=\"p1\"><span style=\"font-size: 14pt;\">Por su parte, Petro insiste en que en su gobierno garantizar\u00e1 el derecho fundamental a la salud a trav\u00e9s de un sistema p\u00fablico, que no dependa de la capacidad de pago, la rentabilidad econ\u00f3mica ni de la intermediaci\u00f3n administrativa y financiera.<\/span><\/p>\n<p class=\"p1\"><span style=\"font-size: 14pt;\">Por \u00faltimo asegura que el acceso a la prestaci\u00f3n de los servicios no depender\u00e1 de la capacidad de pago, para lo cual, se avanzar\u00e1 a un sistema \u00fanico sin reg\u00edmenes contributivos y subsidiados financiados por impuestos progresivos y cotizaciones equitativas.<\/span><\/p>\n<blockquote hcb-fetch-image-from=\"https:\/\/twitter.com\/JairoLibreros\/status\/1537982278688595968?s=20&amp;t=zoAmt5ZfaPyoHhTm7AfNlw\" class=\"twitter-tweet\" data-width=\"550\" data-dnt=\"true\">\n<p lang=\"es\" dir=\"ltr\">Reforma Tributar\u00eda y de Salud: \u00bfQu\u00e9 tan urgentes son y que proponen los candidatos? <a href=\"https:\/\/t.co\/OGktCcBTKD\">https:\/\/t.co\/OGktCcBTKD<\/a> a trav\u00e9s de <a href=\"https:\/\/twitter.com\/CaracolRadio?ref_src=twsrc%5Etfw\">@caracolradio<\/a><\/p>\n<p>&mdash; Jairo Libreros (@JairoLibreros) <a href=\"https:\/\/twitter.com\/JairoLibreros\/status\/1537982278688595968?ref_src=twsrc%5Etfw\">June 18, 2022<\/a><\/p><\/blockquote>\n<p><script async src=\"https:\/\/platform.twitter.com\/widgets.js\" charset=\"utf-8\"><\/script><\/p>\n<p><span style=\"font-size: 14pt;\"><strong>El link de la nota de Lizeth Suesca de Caracol Radio \u2935\ufe0f<\/strong><\/span><\/p>\n<p><span style=\"text-decoration: underline; font-size: 14pt;\"><a href=\"https:\/\/caracol.com.co\/radio\/2022\/06\/17\/politica\/1655499885_022922.html\">https:\/\/caracol.com.co\/radio\/2022\/06\/17\/politica\/1655499885_022922.html<\/a><\/span><\/p>\n","protected":false},"excerpt":{"rendered":"<p>Reforma Tributar\u00eda y de Salud: \u00bfQu\u00e9 tan urgentes son y que proponen los candidatos? Jairo Libreros, panelista Hora20 de Caracol Radio: &#8220;El descontento <\/p>\n","protected":false},"author":1,"featured_media":428,"comment_status":"open","ping_status":"open","sticky":false,"template":"","format":"standard","meta":{"om_disable_all_campaigns":false,"_monsterinsights_skip_tracking":false,"_monsterinsights_sitenote_active":false,"_monsterinsights_sitenote_note":"","_monsterinsights_sitenote_category":0,"footnotes":""},"categories":[1],"tags":[53],"aioseo_notices":[],"class_list":["post-898","post","type-post","status-publish","format-standard","has-post-thumbnail","hentry","category-jairo-libreros","tag-politicas-publicas"],"_links":{"self":[{"href":"https:\/\/jairolibreros.com\/index.php?rest_route=\/wp\/v2\/posts\/898"}],"collection":[{"href":"https:\/\/jairolibreros.com\/index.php?rest_route=\/wp\/v2\/posts"}],"about":[{"href":"https:\/\/jairolibreros.com\/index.php?rest_route=\/wp\/v2\/types\/post"}],"author":[{"embeddable":true,"href":"https:\/\/jairolibreros.com\/index.php?rest_route=\/wp\/v2\/users\/1"}],"replies":[{"embeddable":true,"href":"https:\/\/jairolibreros.com\/index.php?rest_route=%2Fwp%2Fv2%2Fcomments&post=898"}],"version-history":[{"count":4,"href":"https:\/\/jairolibreros.com\/index.php?rest_route=\/wp\/v2\/posts\/898\/revisions"}],"predecessor-version":[{"id":2132,"href":"https:\/\/jairolibreros.com\/index.php?rest_route=\/wp\/v2\/posts\/898\/revisions\/2132"}],"wp:featuredmedia":[{"embeddable":true,"href":"https:\/\/jairolibreros.com\/index.php?rest_route=\/wp\/v2\/media\/428"}],"wp:attachment":[{"href":"https:\/\/jairolibreros.com\/index.php?rest_route=%2Fwp%2Fv2%2Fmedia&parent=898"}],"wp:term":[{"taxonomy":"category","embeddable":true,"href":"https:\/\/jairolibreros.com\/index.php?rest_route=%2Fwp%2Fv2%2Fcategories&post=898"},{"taxonomy":"post_tag","embeddable":true,"href":"https:\/\/jairolibreros.com\/index.php?rest_route=%2Fwp%2Fv2%2Ftags&post=898"}],"curies":[{"name":"wp","href":"https:\/\/api.w.org\/{rel}","templated":true}]}}