{"id":933,"date":"2022-06-21T14:51:10","date_gmt":"2022-06-21T14:51:10","guid":{"rendered":"https:\/\/jairolibreros.com\/?p=933"},"modified":"2025-10-22T13:53:25","modified_gmt":"2025-10-22T13:53:25","slug":"los-retos-de-gustavo-petro-como-presidente-en-materia-de-relaciones-internacionales","status":"publish","type":"post","link":"https:\/\/jairolibreros.com\/?p=933","title":{"rendered":"Los retos de Gustavo Petro como presidente en materia de relaciones internacionales"},"content":{"rendered":"<p><span style=\"font-size: 14pt;\"><strong>Los retos de Gustavo Petro como presidente en materia de relaciones internacionales<\/strong><\/span><\/p>\n<p><span style=\"font-size: 14pt;\"><strong>Jairo Libreros<\/strong>, analista permanente de Noticias RCN: &#8220;Confirmar los intereses pol\u00edticos y econ\u00f3micos de Colombia frente a EEUU, Venezuela, Cuba y Nicaragua&#8221;.<\/span><\/p>\n<blockquote hcb-fetch-image-from=\"https:\/\/twitter.com\/jairolibreros\/status\/1539260524046712834?s=21&amp;t=ZZDsboOa5P2UszPu7i2KbA\" class=\"twitter-tweet\" data-width=\"550\" data-dnt=\"true\">\n<p lang=\"es\" dir=\"ltr\">&quot;Confirmar los intereses pol\u00edticos y econ\u00f3micos de Colombia frente a EEUU, Venezuela, Cuba y Nicaragua&quot;, <a href=\"https:\/\/twitter.com\/JairoLibreros?ref_src=twsrc%5Etfw\">@JairoLibreros<\/a> analista <a href=\"https:\/\/twitter.com\/NoticiasRCN?ref_src=twsrc%5Etfw\">@NoticiasRCN<\/a> <a href=\"https:\/\/t.co\/5gJvtAWYCe\">https:\/\/t.co\/5gJvtAWYCe<\/a> <a href=\"https:\/\/t.co\/KXDXVj8MKi\">pic.twitter.com\/KXDXVj8MKi<\/a><\/p>\n<p>&mdash; Jairo Libreros (@JairoLibreros) <a href=\"https:\/\/twitter.com\/JairoLibreros\/status\/1539260524046712834?ref_src=twsrc%5Etfw\">June 21, 2022<\/a><\/p><\/blockquote>\n<p><script async src=\"https:\/\/platform.twitter.com\/widgets.js\" charset=\"utf-8\"><\/script><\/p>\n<p class=\"p1\" style=\"text-align: center;\"><span style=\"font-size: 14pt;\"><strong>Relaciones con Estados Unidos, Venezuela y Cuba, son algunos de los desaf\u00edos a los que tendr\u00e1 que hacerle frente Gustavo Petro<\/strong><\/span><\/p>\n<p class=\"p1\"><span style=\"font-size: 14pt;\">La seguridad en la regi\u00f3n, las relaciones con\u00a0<a href=\"https:\/\/www.noticiasrcn.com\/temas\/estados-unidos\"><span class=\"s1\">Estados Unidos<\/span><\/a>,\u00a0<a href=\"https:\/\/www.noticiasrcn.com\/temas\/venezuela\"><span class=\"s1\">Venezuela<\/span><\/a>\u00a0e incluso\u00a0<a href=\"https:\/\/www.noticiasrcn.com\/temas\/cuba\"><span class=\"s1\">Cuba<\/span><\/a>, son algunos de los desaf\u00edos a los que tendr\u00e1 que hacerle frente\u00a0<a href=\"https:\/\/www.noticiasrcn.com\/temas\/gustavo-petro\"><span class=\"s1\">Gustavo Petro<\/span><\/a>, quien recientemente result\u00f3 victorioso en la segunda vuelta presidencial.<\/span><\/p>\n<p class=\"p1\"><span style=\"font-size: 14pt;\">El representante del Pacto Hist\u00f3rico ha manifestado en varias ocasiones que es necesario el restablecimiento de relaciones con Venezuela, con el fin de abrir fronteras, favorecer el comercio y encontrar soluciones para diferentes crisis, sobre todo la migratoria.<\/span><\/p>\n<p class=\"p1\"><span style=\"font-size: 14pt;\">Sin embargo, las denuncias de violaci\u00f3n a los Derechos Humanos por parte del r\u00e9gimen de Nicol\u00e1s Maduro est\u00e1n sobre la mesa.<\/span><\/p>\n<p class=\"p4\"><span style=\"font-size: 14pt;\">\u201cRestablecer las relaciones diplom\u00e1ticas por s\u00ed mismas ya es un reto. Probablemente se empiece por restablecimiento de reapertura de fronteras, quiz\u00e1s un delegado de negocios, peque\u00f1os pasos, son etapas que se cumplen y de ah\u00ed es empezar a determinar c\u00f3mo nos vamos a entender.<\/span><\/p>\n<p class=\"p1\"><span style=\"font-size: 14pt;\">Estados Unidos<\/span><\/p>\n<p class=\"p1\"><span style=\"font-size: 14pt;\">Los lazos de hermandad que ya completan 200 a\u00f1os se fortalecieron a\u00fan m\u00e1s este 2022 tras la designaci\u00f3n de Estados Unidos a Colombia como aliado estrat\u00e9gico no miembro de la Otan, t\u00edtulo que solo ostentan otros dos pa\u00edses latinoamericanos.<\/span><\/p>\n<p class=\"p1\"><span style=\"font-size: 14pt;\">La Casa Blanca ha asegurado desde distintas voces y en repetidas ocasiones que mantendr\u00e1 las relaciones con la Casa de Nari\u00f1o.<\/span><\/p>\n<p class=\"p1\"><span style=\"font-size: 14pt;\"><strong>\u201cNecesitamos un mecanismo que nos permita tener una visi\u00f3n o una perspectiva de derechos humanos en todas las actividades que adelante el gobierno nacional de la mano con gobiernos territoriales y el segundo tema est\u00e1 relacionado con la lucha contra las drogas il\u00edcitas\u201d, indic\u00f3 Jairo Libreros, analista pol\u00edtico de Noticias RCN.<\/strong><\/span><\/p>\n<p class=\"p5\"><span style=\"font-size: 14pt;\">Cuba<\/span><\/p>\n<p class=\"p1\"><span style=\"font-size: 14pt;\">El gobierno de Iv\u00e1n Duque dedic\u00f3 m\u00e1s de un llamado a la administraci\u00f3n de Miguel D\u00edaz-Canel respecto a entregar a los cabecillas del ELN.<\/span><\/p>\n<p class=\"p1\"><span style=\"font-size: 14pt;\">Varios de ellos permanecen en la isla y est\u00e1n se\u00f1alados de estar detr\u00e1s de varios atentados en el pa\u00eds como el ocurrido en la escuela de cadetes que acab\u00f3 con la vida de 22 personas.<\/span><\/p>\n<p class=\"p1\"><span style=\"font-size: 14pt;\">\u201cSer\u00eda fundamental el recobrar las relaciones con Cuba para que juegue un papel preponderante en futuras negociaciones con el ELN\u201d, agreg\u00f3 Carlos Enrique Ar\u00e9valo, profesor de Derecho de la Universidad de la Sabana.<\/span><\/p>\n<p class=\"p1\"><span style=\"font-size: 14pt;\">El fortalecimiento de las relaciones comerciales con otros pa\u00edses de Am\u00e9rica Latina, as\u00ed como la controversia mar\u00edtima con Nicaragua ante la Corte de la Haya, ser\u00e1n otros temas que tendr\u00e1 que atender Gustavo Petro en materia internacional.<\/span><\/p>\n<p><span style=\"text-decoration: underline; font-size: 14pt;\"><a href=\"https:\/\/www.noticiasrcn.com\/elecciones\/los-retos-de-petro-en-relaciones-internacionales-422194\">https:\/\/www.noticiasrcn.com\/elecciones\/los-retos-de-petro-en-relaciones-internacionales-422194<\/a><\/span><\/p>\n","protected":false},"excerpt":{"rendered":"<p>Los retos de Gustavo Petro como presidente en materia de relaciones internacionales Jairo Libreros, analista permanente de Noticias RCN: &#8220;Confirmar los intereses pol\u00edticos <\/p>\n","protected":false},"author":1,"featured_media":285,"comment_status":"open","ping_status":"open","sticky":false,"template":"","format":"standard","meta":{"om_disable_all_campaigns":false,"_monsterinsights_skip_tracking":false,"_monsterinsights_sitenote_active":false,"_monsterinsights_sitenote_note":"","_monsterinsights_sitenote_category":0,"footnotes":""},"categories":[1,96],"tags":[98,64,53],"aioseo_notices":[],"class_list":["post-933","post","type-post","status-publish","format-standard","has-post-thumbnail","hentry","category-jairo-libreros","category-universidad-externado","tag-derechos-humanos","tag-politica-internacional","tag-politicas-publicas"],"_links":{"self":[{"href":"https:\/\/jairolibreros.com\/index.php?rest_route=\/wp\/v2\/posts\/933"}],"collection":[{"href":"https:\/\/jairolibreros.com\/index.php?rest_route=\/wp\/v2\/posts"}],"about":[{"href":"https:\/\/jairolibreros.com\/index.php?rest_route=\/wp\/v2\/types\/post"}],"author":[{"embeddable":true,"href":"https:\/\/jairolibreros.com\/index.php?rest_route=\/wp\/v2\/users\/1"}],"replies":[{"embeddable":true,"href":"https:\/\/jairolibreros.com\/index.php?rest_route=%2Fwp%2Fv2%2Fcomments&post=933"}],"version-history":[{"count":5,"href":"https:\/\/jairolibreros.com\/index.php?rest_route=\/wp\/v2\/posts\/933\/revisions"}],"predecessor-version":[{"id":1847,"href":"https:\/\/jairolibreros.com\/index.php?rest_route=\/wp\/v2\/posts\/933\/revisions\/1847"}],"wp:featuredmedia":[{"embeddable":true,"href":"https:\/\/jairolibreros.com\/index.php?rest_route=\/wp\/v2\/media\/285"}],"wp:attachment":[{"href":"https:\/\/jairolibreros.com\/index.php?rest_route=%2Fwp%2Fv2%2Fmedia&parent=933"}],"wp:term":[{"taxonomy":"category","embeddable":true,"href":"https:\/\/jairolibreros.com\/index.php?rest_route=%2Fwp%2Fv2%2Fcategories&post=933"},{"taxonomy":"post_tag","embeddable":true,"href":"https:\/\/jairolibreros.com\/index.php?rest_route=%2Fwp%2Fv2%2Ftags&post=933"}],"curies":[{"name":"wp","href":"https:\/\/api.w.org\/{rel}","templated":true}]}}