{"id":938,"date":"2022-06-21T15:09:46","date_gmt":"2022-06-21T15:09:46","guid":{"rendered":"https:\/\/jairolibreros.com\/?p=938"},"modified":"2023-05-10T14:44:07","modified_gmt":"2023-05-10T14:44:07","slug":"como-manejara-petro-las-relaciones-politicas-en-la-region","status":"publish","type":"post","link":"https:\/\/jairolibreros.com\/?p=938","title":{"rendered":"\u00bfC\u00f3mo manejar\u00e1 Petro las relaciones pol\u00edticas en la regi\u00f3n?"},"content":{"rendered":"<p><span style=\"font-size: 14pt;\"><strong>\u00bfC\u00f3mo manejar\u00e1 Petro las relaciones pol\u00edticas en la regi\u00f3n?<\/strong><\/span><\/p>\n<p><span style=\"font-size: 14pt;\"><strong>Jairo Libreros<\/strong>, panelista Hora20 de Caracol Radio: &#8220;Las dos agendas internacionales del presidente electo Gustavo Petro en Am\u00e9rica Latina&#8221;.<\/span><\/p>\n<p class=\"p2\" style=\"text-align: left;\"><span style=\"font-size: 14pt;\"><strong>Colombia se sumar\u00e1 a la lista de 9 pa\u00edses que tienen gobiernos de izquierda en Am\u00e9rica Latina<\/strong><\/span><\/p>\n<p class=\"p3\"><span style=\"font-size: 14pt;\">Colombia tendr\u00e1 su primer\u00a0<b>Gobierno de izquierda<\/b>\u00a0y, con ello, entrar\u00e1 a la lista de pa\u00edses de Am\u00e9rica Latina que viraron hac\u00eda esta corriente en el mapa pol\u00edtico. Una tendencia a la que se han ido sumando otras naciones, en los \u00faltimos a\u00f1os.<\/span><\/p>\n<p class=\"p3\"><span style=\"font-size: 14pt;\">En el escenario latinoamericano Petro manejar\u00e1 dos agendas.<\/span><\/p>\n<p class=\"p3\"><span style=\"font-size: 14pt;\">La primera ser\u00e1 bilateral y generar\u00e1 un gran desgaste pol\u00edtico al estar relacionada con las tres\u00a0<b>dictaduras de la regi\u00f3n, explic\u00f3 Jairo Libreros, internacionalista:<\/b><\/span><\/p>\n<p class=\"p3\"><span style=\"font-size: 14pt;\"><b>\u201cLas relaciones con Caracas, La Habana y Managua se van a reestablecer en t\u00e9rminos que ser\u00e1n muy criticados\u201d.<\/b><\/span><\/p>\n<p class=\"p3\"><span style=\"font-size: 14pt;\"><b>Y la segunda, mucho m\u00e1s llamativa, se extender\u00e1 al resto de\u00a0Am\u00e9rica Latina\u00a0que, en agosto, con la investidura de Petro tendr\u00e1 10 dirigentes de izquierda. 11, en noviembre, si\u00a0Lula Da Silva\u00a0gana las elecciones en Brasil. Es decir, 1 de cada 3 mandatarios de la regi\u00f3n.<\/b><\/span><\/p>\n<p class=\"p3\"><span style=\"font-size: 14pt;\">Sin embargo, ninguno tiene un liderazgo lo suficientemente grande como para crear un bloque con el que puedan negociarse preferencias pol\u00edticas, sociales y econ\u00f3micas frente a EE. UU., Europa y As\u00eda. Por lo que habr\u00e1 que crear consensos, como ha insistido el presidente electo, sobre todo con Nicaragua.<\/span><\/p>\n<p><span style=\"font-size: 14pt;\"><strong>El link de Caracol Radio con el audio de mi an\u00e1lisis<\/strong> \u2935\ufe0f<\/span><\/p>\n<p><span style=\"text-decoration: underline; font-size: 14pt;\"><a href=\"https:\/\/caracol.com.co\/programa\/2022\/06\/20\/6am_hoy_por_hoy\/1655740602_290202.html\">https:\/\/caracol.com.co\/programa\/2022\/06\/20\/6am_hoy_por_hoy\/1655740602_290202.html<\/a><\/span><\/p>\n","protected":false},"excerpt":{"rendered":"<p>\u00bfC\u00f3mo manejar\u00e1 Petro las relaciones pol\u00edticas en la regi\u00f3n? Jairo Libreros, panelista Hora20 de Caracol Radio: &#8220;Las dos agendas internacionales del presidente electo <\/p>\n","protected":false},"author":1,"featured_media":428,"comment_status":"open","ping_status":"open","sticky":false,"template":"","format":"standard","meta":{"om_disable_all_campaigns":false,"_monsterinsights_skip_tracking":false,"_monsterinsights_sitenote_active":false,"_monsterinsights_sitenote_note":"","_monsterinsights_sitenote_category":0,"footnotes":""},"categories":[1],"tags":[],"aioseo_notices":[],"class_list":["post-938","post","type-post","status-publish","format-standard","has-post-thumbnail","hentry","category-jairo-libreros"],"_links":{"self":[{"href":"https:\/\/jairolibreros.com\/index.php?rest_route=\/wp\/v2\/posts\/938"}],"collection":[{"href":"https:\/\/jairolibreros.com\/index.php?rest_route=\/wp\/v2\/posts"}],"about":[{"href":"https:\/\/jairolibreros.com\/index.php?rest_route=\/wp\/v2\/types\/post"}],"author":[{"embeddable":true,"href":"https:\/\/jairolibreros.com\/index.php?rest_route=\/wp\/v2\/users\/1"}],"replies":[{"embeddable":true,"href":"https:\/\/jairolibreros.com\/index.php?rest_route=%2Fwp%2Fv2%2Fcomments&post=938"}],"version-history":[{"count":4,"href":"https:\/\/jairolibreros.com\/index.php?rest_route=\/wp\/v2\/posts\/938\/revisions"}],"predecessor-version":[{"id":2123,"href":"https:\/\/jairolibreros.com\/index.php?rest_route=\/wp\/v2\/posts\/938\/revisions\/2123"}],"wp:featuredmedia":[{"embeddable":true,"href":"https:\/\/jairolibreros.com\/index.php?rest_route=\/wp\/v2\/media\/428"}],"wp:attachment":[{"href":"https:\/\/jairolibreros.com\/index.php?rest_route=%2Fwp%2Fv2%2Fmedia&parent=938"}],"wp:term":[{"taxonomy":"category","embeddable":true,"href":"https:\/\/jairolibreros.com\/index.php?rest_route=%2Fwp%2Fv2%2Fcategories&post=938"},{"taxonomy":"post_tag","embeddable":true,"href":"https:\/\/jairolibreros.com\/index.php?rest_route=%2Fwp%2Fv2%2Ftags&post=938"}],"curies":[{"name":"wp","href":"https:\/\/api.w.org\/{rel}","templated":true}]}}