{"id":940,"date":"2022-06-21T22:22:46","date_gmt":"2022-06-21T22:22:46","guid":{"rendered":"https:\/\/jairolibreros.com\/?p=940"},"modified":"2023-06-14T23:02:44","modified_gmt":"2023-06-14T23:02:44","slug":"cuales-son-los-primeros-retos-que-afrontara-gustavo-petro-como-presidente","status":"publish","type":"post","link":"https:\/\/jairolibreros.com\/?p=940","title":{"rendered":"\u00bfCu\u00e1les son los primeros retos que afrontar\u00e1 Gustavo Petro como presidente?"},"content":{"rendered":"<p><span style=\"font-size: 14pt;\"><strong>\u00bfCu\u00e1les son los primeros retos que afrontar\u00e1 Gustavo Petro como presidente?<\/strong><\/span><\/p>\n<p><span style=\"font-size: 14pt;\"><strong>Jairo Libreros<\/strong>, panelista Hora20 de Caracol Radio<\/span><\/p>\n<p class=\"p1\" style=\"text-align: center;\"><span style=\"font-size: 14pt;\"><strong>Analistas aseguraron que el presidente electo deber\u00e1 superar la polarizaci\u00f3n y enviar un mensaje de tranquilidad en materia econ\u00f3mica y empresarial<\/strong><\/span><\/p>\n<p class=\"p1\"><span style=\"font-size: 14pt;\">Dos d\u00edas despu\u00e9s de realizadas las elecciones en las que\u00a0<a href=\"https:\/\/caracol.com.co\/tag\/gustavo_francisco_petro_urrego\/a\/\"><span class=\"s1\">Gustavo Petro<\/span><\/a>\u00a0fue elegido como el nuevo presidente de Colombia,\u00a0distintos sectores hablan sobre cu\u00e1les ser\u00e1n\u00a0los primeros retos que tendr\u00e1 que enfrentar el mandatario electo\u00a0durante sus cuatro a\u00f1os de Gobierno.<\/span><\/p>\n<p class=\"p1\"><span style=\"font-size: 14pt;\">Para el analista Yan Basset\u00a0la conformaci\u00f3n de su gabinete y equipo presidencial ser\u00e1 el primer mensaje que env\u00ede\u00a0Gustavo Petro como Jefe de Estado. &#8220;El primer reto va a ser organizar su\u00a0Gobierno y su coalici\u00f3n en el Congreso, para apoyar su programa.\u00a0En cuando al Gobierno,\u00a0lo primero ser\u00e1 tranquilizar un poco los sectores econ\u00f3micos,\u00a0pues ha sido claro durante la campa\u00f1a que su\u00a0candidatura generaba mucha resistencia entre los sectores empresariales&#8221;.<\/span><\/p>\n<p class=\"p1\"><span style=\"font-size: 14pt;\">En ese sentido coincidi\u00f3\u00a0\u00c1ngel Becassino, quien ven\u00eda desempe\u00f1\u00e1ndose como asesor de Rodolfo Hern\u00e1ndez: \u201clos primeros retos que tiene como presidente son, primero,\u00a0mandar una se\u00f1al de tranquilidad al pa\u00eds dentro de su planteo de cambio, en dos territorios que son Hacienda y Defensa.\u00a0Lo segundo, creo que tiene que tener\u00a0un acercamiento inmediato con el otro candidato, que sac\u00f3 pr\u00e1cticamente la mitad de los votos.\u00a0Tiene que haber una\u00a0convergencia entre ambos proyectos de cambio&#8221;.<\/span><\/p>\n<p class=\"p1\"><span style=\"font-size: 14pt;\">Por su parte el profesor universitario y m\u00e1ster en Ciencia Pol\u00edtica, Mauricio Jaramillo, asegur\u00f3 que &#8220;Petro tiene b\u00e1sicamente tres retos inmediatos, urgentes. Superar el estado de polarizaci\u00f3n que deja la campa\u00f1a; sin eso ser\u00e1 muy dif\u00edcil votar porque hay una mitad del pa\u00eds que no es que no haya votado por \u00e9l, sino que lo aborrece pr\u00e1cticamente&#8221;.<\/span><\/p>\n<p class=\"p1\"><span style=\"font-size: 14pt;\">Y en segundo lugar, a\u00f1adi\u00f3 que &#8220;necesita consensos, tener un bloque en el Congreso donde el Pacto Hist\u00f3rico se acerque a un sector del liberalismo, los Verdes y en general el centro,\u00a0para poder adelantar\u00a0reformas en materia de Salud y Fiscal,\u00a0que es important\u00edsimo para la reactivaci\u00f3n econ\u00f3mica. Y tercero, empezar a\u00a0enviar se\u00f1ales de calma a los mercados internacionales.\u00a0Buscar un equilibrio entre demandas internas y se\u00f1ales hacia afuera, que pueden interpretar mal lo que se haga adentro&#8221;.<\/span><\/p>\n<p class=\"p1\"><span style=\"font-size: 14pt;\"><strong>Otra mirada tiene el analista Jairo Libreros, quien considera que los principales retos son\u00a0tener &#8220;respuestas de pol\u00edtica p\u00fablica al descontento popular con la democracia.\u00a0Desde el a\u00f1o pasado, por cuenta del\u00a0estallido social la agenda est\u00e1 claramente definida.\u00a0Los colombianos esperan\u00a0respuestas en materia de Salud, Educaci\u00f3n y Empleo&#8221;.\u00a0<\/strong><\/span><\/p>\n<p class=\"p1\"><span style=\"font-size: 14pt;\"><strong>Y el segundo reto que plantea Libreros es\u00a0&#8220;la Seguridad y Defensa Nacional, dado que necesitamos un proceso de reingenier\u00eda; de un lado, para garantizar la\u00a0subordinaci\u00f3n de los militares y de la Polic\u00eda\u00a0a las autoridades civilmente constituidas;\u00a0los problemas entre el alcalde y la Polic\u00eda en distritos y municipios; o los problemas de lla conducci\u00f3n\u00a0en materia de \u00f3rden p\u00fablico entre la Casa de Nari\u00f1o y las Fuerzas Militares, que no se pueden repetir. De otro lado, necesitamos\u00a0una estrategia efectiva en materia de seguridad ciudadana&#8221;.\u00a0<\/strong><\/span><\/p>\n<p class=\"p1\"><span style=\"font-size: 14pt;\">En\u00a0materia internacional,\u00a0el analista Eduardo Pizano sostiene que son cuatro principales temas.\u00a0&#8220;El Tratado de Libre Comercio entre Colombia y Estados Unidos, y el respeto a la propiedad intelectual; son temas acordados a trav\u00e9s de tratados internacionales, y el Gobierno va a tratar de buscar la modificaci\u00f3n de algunos de esos tratados; ser\u00e1 un tema pol\u00e9mico, pues\u00a0Estados Unidos no es f\u00e1cil para negociar en ese tipo de cosas&#8221;.<\/span><\/p>\n<p class=\"p1\"><span style=\"font-size: 14pt;\">El segundo tema que a\u00f1adi\u00f3 Pizano es el de\u00a0las relaciones diplom\u00e1ticas con Venezuela. \u201cHay un acuerdo t\u00e1cito de la regi\u00f3n de mantener aislado el Gobierno de Nicol\u00e1s Maduro. Buscar\u00a0relaciones diplom\u00e1ticas con este Gobierno puede traer controversia con Estados Unidos\u201d,\u00a0indic\u00f3.<\/span><\/p>\n<p class=\"p1\"><span style=\"font-size: 14pt;\">Tambi\u00e9n el tema de los cultivos il\u00edcitos: \u201cla discriminalizaci\u00f3n de estos cultivos puede llegar a ser un problema en las relaciones con Estados Unidos;\u00a0hay que pensar que esa coca\u00edna que se cultiva en Colombia est\u00e1 terminando en los mercados americanos.\u00a0Por \u00faltimo, la alineaci\u00f3n en los organismos internacionales. Colombia en t\u00e9rminos generales ha sido muy cercana a Estados Unidos\u201d.<\/span><\/p>\n<p class=\"p1\"><span style=\"font-size: 14pt;\">El pr\u00f3ximo\u00a07 de agosto ser\u00e1 la posesi\u00f3n de Gustavo Petro como presidente de la Rep\u00fablica.\u00a0Se espera que\u00a0en estos dos meses vaya dando a conocer los nombres que acompa\u00f1ar\u00e1n su Gobierno en las distintas \u00e1reas nacionales e internacionales.<\/span><\/p>\n<p><span style=\"font-size: 14pt;\"><strong>El audio de Caracol Radio con mi an\u00e1lisis \u2935\ufe0f<\/strong><\/span><\/p>\n<!--[if lt IE 9]><script>document.createElement('audio');<\/script><![endif]-->\n<audio class=\"wp-audio-shortcode\" id=\"audio-940-1\" preload=\"none\" style=\"width: 100%;\" controls=\"controls\"><source type=\"audio\/mpeg\" src=\"https:\/\/jairolibreros.com\/wp-content\/uploads\/2022\/06\/AUDIO-2022-06-21-10-42-35.m4a?_=1\" \/><a href=\"https:\/\/jairolibreros.com\/wp-content\/uploads\/2022\/06\/AUDIO-2022-06-21-10-42-35.m4a\">https:\/\/jairolibreros.com\/wp-content\/uploads\/2022\/06\/AUDIO-2022-06-21-10-42-35.m4a<\/a><\/audio>\n<p class=\"p1\"><span style=\"text-decoration: underline; font-size: 14pt;\"><a href=\"https:\/\/caracol.com.co\/radio\/2022\/06\/21\/politica\/1655831296_023294.html?ssm=tw\">https:\/\/caracol.com.co\/radio\/2022\/06\/21\/politica\/1655831296_023294.html?ssm=tw<\/a><\/span><\/p>\n","protected":false},"excerpt":{"rendered":"<p>\u00bfCu\u00e1les son los primeros retos que afrontar\u00e1 Gustavo Petro como presidente? Jairo Libreros, panelista Hora20 de Caracol Radio Analistas aseguraron que el presidente <\/p>\n","protected":false},"author":1,"featured_media":428,"comment_status":"open","ping_status":"open","sticky":false,"template":"","format":"standard","meta":{"om_disable_all_campaigns":false,"_monsterinsights_skip_tracking":false,"_monsterinsights_sitenote_active":false,"_monsterinsights_sitenote_note":"","_monsterinsights_sitenote_category":0,"footnotes":""},"categories":[1],"tags":[44,54,90,37,53,39],"aioseo_notices":[],"class_list":["post-940","post","type-post","status-publish","format-standard","has-post-thumbnail","hentry","category-jairo-libreros","tag-elecciones","tag-comunicacion-politica","tag-seguridad-y-defensa-nacional","tag-movilizacion-social","tag-politicas-publicas","tag-seguridad-ciudadana"],"_links":{"self":[{"href":"https:\/\/jairolibreros.com\/index.php?rest_route=\/wp\/v2\/posts\/940"}],"collection":[{"href":"https:\/\/jairolibreros.com\/index.php?rest_route=\/wp\/v2\/posts"}],"about":[{"href":"https:\/\/jairolibreros.com\/index.php?rest_route=\/wp\/v2\/types\/post"}],"author":[{"embeddable":true,"href":"https:\/\/jairolibreros.com\/index.php?rest_route=\/wp\/v2\/users\/1"}],"replies":[{"embeddable":true,"href":"https:\/\/jairolibreros.com\/index.php?rest_route=%2Fwp%2Fv2%2Fcomments&post=940"}],"version-history":[{"count":5,"href":"https:\/\/jairolibreros.com\/index.php?rest_route=\/wp\/v2\/posts\/940\/revisions"}],"predecessor-version":[{"id":2122,"href":"https:\/\/jairolibreros.com\/index.php?rest_route=\/wp\/v2\/posts\/940\/revisions\/2122"}],"wp:featuredmedia":[{"embeddable":true,"href":"https:\/\/jairolibreros.com\/index.php?rest_route=\/wp\/v2\/media\/428"}],"wp:attachment":[{"href":"https:\/\/jairolibreros.com\/index.php?rest_route=%2Fwp%2Fv2%2Fmedia&parent=940"}],"wp:term":[{"taxonomy":"category","embeddable":true,"href":"https:\/\/jairolibreros.com\/index.php?rest_route=%2Fwp%2Fv2%2Fcategories&post=940"},{"taxonomy":"post_tag","embeddable":true,"href":"https:\/\/jairolibreros.com\/index.php?rest_route=%2Fwp%2Fv2%2Ftags&post=940"}],"curies":[{"name":"wp","href":"https:\/\/api.w.org\/{rel}","templated":true}]}}