{"id":945,"date":"2022-06-22T11:59:00","date_gmt":"2022-06-22T11:59:00","guid":{"rendered":"https:\/\/jairolibreros.com\/?p=945"},"modified":"2023-05-10T14:39:52","modified_gmt":"2023-05-10T14:39:52","slug":"los-retos-del-gobierno-de-gustavo-petro","status":"publish","type":"post","link":"https:\/\/jairolibreros.com\/?p=945","title":{"rendered":"Los desaf\u00edos del gobierno de Gustavo Petro"},"content":{"rendered":"<p><span style=\"font-size: 14pt;\"><strong>Los desaf\u00edos del gobierno de Gustavo Petro<\/strong><\/span><\/p>\n<p><span style=\"font-size: 14pt;\"><strong>Jairo Libreros<\/strong>, profesor titular de la Universidad Externado de Colombia: &#8220;Los retos inmediatos de pol\u00edtica p\u00fablica son el manejo del descontento popular con la democracia y la seguridad y defensa nacional&#8221;.<\/span><\/p>\n<blockquote hcb-fetch-image-from=\"https:\/\/twitter.com\/jairolibreros\/status\/1539581470368473088?s=21&amp;t=OqxDzvt9IgCKsbCd9Gqhew\" class=\"twitter-tweet\" data-width=\"550\" data-dnt=\"true\">\n<p lang=\"es\" dir=\"ltr\">&quot;Los retos inmediatos de pol\u00edtica p\u00fablica son el manejo del descontento popular con la democracia y la seguridad y defensa nacional&quot;, <a href=\"https:\/\/twitter.com\/JairoLibreros?ref_src=twsrc%5Etfw\">@JairoLibreros<\/a> en <a href=\"https:\/\/twitter.com\/canalcartagena?ref_src=twsrc%5Etfw\">@canalcartagena<\/a> <a href=\"https:\/\/t.co\/NLeoSBJYGh\">https:\/\/t.co\/NLeoSBJYGh<\/a> <a href=\"https:\/\/t.co\/EkUyzmAYh5\">pic.twitter.com\/EkUyzmAYh5<\/a><\/p>\n<p>&mdash; Jairo Libreros (@JairoLibreros) <a href=\"https:\/\/twitter.com\/JairoLibreros\/status\/1539581470368473088?ref_src=twsrc%5Etfw\">June 22, 2022<\/a><\/p><\/blockquote>\n<p><script async src=\"https:\/\/platform.twitter.com\/widgets.js\" charset=\"utf-8\"><\/script><\/p>\n<p><span style=\"font-size: 14pt;\">En Noticias Cadena 5 de Canal Cartagena analizamos con Jair Espitia, Mar\u00eda Luc\u00eda Jaimes y Dorina Hern\u00e1ndez los principales retos del pr\u00f3ximo gobierno del presidente electo Gustavo Petro.<\/span><\/p>\n<p><span style=\"font-size: 14pt;\"><strong>El link con el video del programa de an\u00e1lisis \u2935\ufe0f<\/strong><\/span><\/p>\n<p><span style=\"text-decoration: underline; font-size: 14pt;\"><a href=\"https:\/\/www.facebook.com\/canalcartagena\/videos\/4533349016768180\/\">https:\/\/www.facebook.com\/canalcartagena\/videos\/4533349016768180\/<\/a><\/span><\/p>\n","protected":false},"excerpt":{"rendered":"<p>Los desaf\u00edos del gobierno de Gustavo Petro Jairo Libreros, profesor titular de la Universidad Externado de Colombia: &#8220;Los retos inmediatos de pol\u00edtica p\u00fablica <\/p>\n","protected":false},"author":1,"featured_media":425,"comment_status":"open","ping_status":"open","sticky":false,"template":"","format":"standard","meta":{"om_disable_all_campaigns":false,"_monsterinsights_skip_tracking":false,"_monsterinsights_sitenote_active":false,"_monsterinsights_sitenote_note":"","_monsterinsights_sitenote_category":0,"footnotes":""},"categories":[1],"tags":[44,90,37,39],"aioseo_notices":[],"class_list":["post-945","post","type-post","status-publish","format-standard","has-post-thumbnail","hentry","category-jairo-libreros","tag-elecciones","tag-seguridad-y-defensa-nacional","tag-movilizacion-social","tag-seguridad-ciudadana"],"_links":{"self":[{"href":"https:\/\/jairolibreros.com\/index.php?rest_route=\/wp\/v2\/posts\/945"}],"collection":[{"href":"https:\/\/jairolibreros.com\/index.php?rest_route=\/wp\/v2\/posts"}],"about":[{"href":"https:\/\/jairolibreros.com\/index.php?rest_route=\/wp\/v2\/types\/post"}],"author":[{"embeddable":true,"href":"https:\/\/jairolibreros.com\/index.php?rest_route=\/wp\/v2\/users\/1"}],"replies":[{"embeddable":true,"href":"https:\/\/jairolibreros.com\/index.php?rest_route=%2Fwp%2Fv2%2Fcomments&post=945"}],"version-history":[{"count":7,"href":"https:\/\/jairolibreros.com\/index.php?rest_route=\/wp\/v2\/posts\/945\/revisions"}],"predecessor-version":[{"id":1986,"href":"https:\/\/jairolibreros.com\/index.php?rest_route=\/wp\/v2\/posts\/945\/revisions\/1986"}],"wp:featuredmedia":[{"embeddable":true,"href":"https:\/\/jairolibreros.com\/index.php?rest_route=\/wp\/v2\/media\/425"}],"wp:attachment":[{"href":"https:\/\/jairolibreros.com\/index.php?rest_route=%2Fwp%2Fv2%2Fmedia&parent=945"}],"wp:term":[{"taxonomy":"category","embeddable":true,"href":"https:\/\/jairolibreros.com\/index.php?rest_route=%2Fwp%2Fv2%2Fcategories&post=945"},{"taxonomy":"post_tag","embeddable":true,"href":"https:\/\/jairolibreros.com\/index.php?rest_route=%2Fwp%2Fv2%2Ftags&post=945"}],"curies":[{"name":"wp","href":"https:\/\/api.w.org\/{rel}","templated":true}]}}