{"id":976,"date":"2022-07-06T12:33:33","date_gmt":"2022-07-06T12:33:33","guid":{"rendered":"https:\/\/jairolibreros.com\/?p=976"},"modified":"2025-10-22T13:54:27","modified_gmt":"2025-10-22T13:54:27","slug":"jairo-libreros-es-la-voz-de-quienes-estan-de-acuerdo-con-la-transformacion-de-la-procuraduria-general-de-la-nacion","status":"publish","type":"post","link":"https:\/\/jairolibreros.com\/?p=976","title":{"rendered":"Jairo Libreros es la voz de quienes est\u00e1n de acuerdo con la transformaci\u00f3n de la Procuradur\u00eda General de la Naci\u00f3n"},"content":{"rendered":"<p><span style=\"font-size: 14pt; font-family: tahoma, arial, helvetica, sans-serif;\"><strong>Jairo Libreros es la voz de quienes est\u00e1n de acuerdo con la transformaci\u00f3n de la Procuradur\u00eda General de la Naci\u00f3n<\/strong><\/span><\/p>\n<p><span style=\"font-size: 14pt; font-family: tahoma, arial, helvetica, sans-serif;\"><strong>Jairo Libreros<\/strong>, profesor titular de la Universidad Externado de Colombia: &#8220;&#8230;la transformaci\u00f3n de la Procuradur\u00eda no desconoce el estado de derecho, tampoco afectar\u00e1 el funcionamiento del Estado ni la vigencia de los derechos fundamentales&#8230;&#8221; <\/span><\/p>\n<p><em><span style=\"font-size: 14pt; font-family: tahoma, arial, helvetica, sans-serif;\"><a class=\"css-4rbku5 css-18t94o4 css-901oao css-16my406 r-1cvl2hr r-1loqt21 r-poiln3 r-bcqeeo r-1ny4l3l r-1ddef8g r-tjvw6i r-qvutc0\" dir=\"ltr\" role=\"link\" href=\"https:\/\/twitter.com\/hashtag\/SoyLaVoz?src=hashtag_click\">#SoyLaVoz<\/a> \u00b7 6AM \u00b7 Caracol Radio<\/span><\/em><\/p>\n<p class=\"p1\"><span style=\"font-size: 14pt; font-family: tahoma, arial, helvetica, sans-serif;\">Hola, les habla <strong>Jairo Libreros<\/strong>, profesor de la Universidad Externado de Colombia, y soy la voz de quienes estamos de acuerdo con la transformaci\u00f3n de la Procuradur\u00eda General de la Naci\u00f3n, tal como lo propone el presidente electo Gustavo Petro.<\/span><\/p>\n<p class=\"p1\"><span style=\"font-size: 14pt; font-family: tahoma, arial, helvetica, sans-serif;\">De un lado, las funciones asignadas a la Procuradur\u00eda est\u00e1n igualmente en cabeza de otras instituciones del Estado, que las cumplen bajo par\u00e1metros especializados, o en el marco del funcionamiento de la rama judicial o como otra entidad del Ministerio P\u00fablico.<\/span><\/p>\n<p class=\"p1\"><span style=\"font-size: 14pt; font-family: tahoma, arial, helvetica, sans-serif;\">Es el caso de la funci\u00f3n de vigilar la conducta de los servidores p\u00fablicos, que seguir\u00e1 en cabeza de las oficinas de control interno disciplinario de cada una de las entidades del Estado.<\/span><\/p>\n<p class=\"p1\"><span style=\"font-size: 14pt; font-family: tahoma, arial, helvetica, sans-serif;\">Igualmente, la funci\u00f3n de vigilar el cumplimiento de la Constituci\u00f3n, las leyes, las decisiones judiciales y otros actos administrativos, que tambi\u00e9n cumple la Corte Constitucional, o de la jurisdicci\u00f3n contenciosa administrativa, o en t\u00e9rminos generales, los jueces o magistrados cuando avocan el conocimiento de acciones de tutela, de acciones de cumplimiento y de acciones populares.<\/span><\/p>\n<p class=\"p1\"><span style=\"font-size: 14pt; font-family: tahoma, arial, helvetica, sans-serif;\">Y tambi\u00e9n es el caso de la funci\u00f3n de la Procuradur\u00eda consistente en proteger los Derechos Humanos. La Constituci\u00f3n Pol\u00edtica de 1991 creo la figura del Defensor del Pueblo, que velar\u00e1 por la promoci\u00f3n, el ejercicio y la divulgaci\u00f3n de los Derechos Humanos.<\/span><\/p>\n<p class=\"p1\"><span style=\"font-size: 14pt; font-family: tahoma, arial, helvetica, sans-serif;\">Por \u00faltimo, en las encuestas del per\u00edodo de las elecciones presidenciales, el tema que mayor preocupaci\u00f3n despertaba entre los colombianos fue la corrupci\u00f3n. Por ello, el talento humano de la Procuradur\u00eda puede destinarse a la investigaci\u00f3n judicial -en el marco del sistema acusatorio- en contra de la corrupci\u00f3n.<\/span><\/p>\n<p class=\"p1\"><span style=\"font-size: 14pt; font-family: tahoma, arial, helvetica, sans-serif;\">En conclusi\u00f3n, la transformaci\u00f3n de la Procuradur\u00eda no desconoce el estado de derecho, tampoco afectar\u00e1 el funcionamiento del Estado ni la vigencia de los derechos fundamentales. En cambio, garantizar\u00eda desde la rama judicial un cuerpo especializado de hombres y mujeres encargados de luchar en contra de la corrupci\u00f3n.<\/span><\/p>\n<blockquote hcb-fetch-image-from=\"https:\/\/twitter.com\/6AMCaracol\/status\/1544653370731991041?s=20&amp;t=3FXk9x5RLbxKTLt_oDtPDQ\" class=\"twitter-tweet\" data-width=\"550\" data-dnt=\"true\">\n<p lang=\"es\" dir=\"ltr\"><a href=\"https:\/\/twitter.com\/hashtag\/SoyLaVoz?src=hash&amp;ref_src=twsrc%5Etfw\">#SoyLaVoz<\/a> (<a href=\"https:\/\/twitter.com\/JairoLibreros?ref_src=twsrc%5Etfw\">@JairoLibreros<\/a>): \u201cDe quienes estamos de acuerdo con la transformaci\u00f3n de la procuradur\u00eda general de la naci\u00f3n\u201d <a href=\"https:\/\/t.co\/VIoo6dlbUP\">pic.twitter.com\/VIoo6dlbUP<\/a><\/p>\n<p>&mdash; 6AM (@6AMCaracol) <a href=\"https:\/\/twitter.com\/6AMCaracol\/status\/1544653370731991041?ref_src=twsrc%5Etfw\">July 6, 2022<\/a><\/p><\/blockquote>\n<p><script async src=\"https:\/\/platform.twitter.com\/widgets.js\" charset=\"utf-8\"><\/script><\/p>\n","protected":false},"excerpt":{"rendered":"<p>Jairo Libreros es la voz de quienes est\u00e1n de acuerdo con la transformaci\u00f3n de la Procuradur\u00eda General de la Naci\u00f3n Jairo Libreros, profesor <\/p>\n","protected":false},"author":1,"featured_media":428,"comment_status":"open","ping_status":"open","sticky":false,"template":"","format":"standard","meta":{"om_disable_all_campaigns":false,"_monsterinsights_skip_tracking":false,"_monsterinsights_sitenote_active":false,"_monsterinsights_sitenote_note":"","_monsterinsights_sitenote_category":0,"footnotes":""},"categories":[94,1],"tags":[44,98,53],"aioseo_notices":[],"class_list":["post-976","post","type-post","status-publish","format-standard","has-post-thumbnail","hentry","category-caracol-radio","category-jairo-libreros","tag-elecciones","tag-derechos-humanos","tag-politicas-publicas"],"_links":{"self":[{"href":"https:\/\/jairolibreros.com\/index.php?rest_route=\/wp\/v2\/posts\/976"}],"collection":[{"href":"https:\/\/jairolibreros.com\/index.php?rest_route=\/wp\/v2\/posts"}],"about":[{"href":"https:\/\/jairolibreros.com\/index.php?rest_route=\/wp\/v2\/types\/post"}],"author":[{"embeddable":true,"href":"https:\/\/jairolibreros.com\/index.php?rest_route=\/wp\/v2\/users\/1"}],"replies":[{"embeddable":true,"href":"https:\/\/jairolibreros.com\/index.php?rest_route=%2Fwp%2Fv2%2Fcomments&post=976"}],"version-history":[{"count":7,"href":"https:\/\/jairolibreros.com\/index.php?rest_route=\/wp\/v2\/posts\/976\/revisions"}],"predecessor-version":[{"id":3385,"href":"https:\/\/jairolibreros.com\/index.php?rest_route=\/wp\/v2\/posts\/976\/revisions\/3385"}],"wp:featuredmedia":[{"embeddable":true,"href":"https:\/\/jairolibreros.com\/index.php?rest_route=\/wp\/v2\/media\/428"}],"wp:attachment":[{"href":"https:\/\/jairolibreros.com\/index.php?rest_route=%2Fwp%2Fv2%2Fmedia&parent=976"}],"wp:term":[{"taxonomy":"category","embeddable":true,"href":"https:\/\/jairolibreros.com\/index.php?rest_route=%2Fwp%2Fv2%2Fcategories&post=976"},{"taxonomy":"post_tag","embeddable":true,"href":"https:\/\/jairolibreros.com\/index.php?rest_route=%2Fwp%2Fv2%2Ftags&post=976"}],"curies":[{"name":"wp","href":"https:\/\/api.w.org\/{rel}","templated":true}]}}