{"id":988,"date":"2022-07-27T22:00:40","date_gmt":"2022-07-27T22:00:40","guid":{"rendered":"https:\/\/jairolibreros.com\/?p=988"},"modified":"2025-09-06T22:46:00","modified_gmt":"2025-09-06T22:46:00","slug":"el-clan-del-golfo-esta-presionando-para-negociar-con-el-gobierno-petro","status":"publish","type":"post","link":"https:\/\/jairolibreros.com\/?p=988","title":{"rendered":"\u00bfEl Clan del Golfo est\u00e1 presionando para negociar con el gobierno Petro?"},"content":{"rendered":"<p><span style=\"font-size: 14pt;\"><strong>\u00bfEl Clan del Golfo est\u00e1 presionando para negociar con el gobierno Petro?<\/strong><\/span><\/p>\n<p><span style=\"font-size: 14pt;\"><strong>Jairo Libreros<\/strong>, analista permanente de Noticias RCN: &#8220;Tres factores fundamentales estar\u00edan detr\u00e1s de la arremetida del grupo armado contra miembros de la Polic\u00eda Nacional&#8221;.<\/span><\/p>\n<blockquote hcb-fetch-image-from=\"https:\/\/twitter.com\/JairoLibreros\/status\/1552410887687999494?s=20&amp;t=62-uvYrypDlmMSRqvNXvQg\" class=\"twitter-tweet\" data-width=\"550\" data-dnt=\"true\">\n<p lang=\"es\" dir=\"ltr\">Tres factores fundamentales estar\u00edan detr\u00e1s de la arremetida del grupo armado contra miembros de la Polic\u00eda Nacional: <a href=\"https:\/\/twitter.com\/JairoLibreros?ref_src=twsrc%5Etfw\">@JairoLibreros<\/a>, analista <a href=\"https:\/\/twitter.com\/NoticiasRCN?ref_src=twsrc%5Etfw\">@noticiasrcn<\/a>  <a href=\"https:\/\/t.co\/tXGEuwuV5M\">https:\/\/t.co\/tXGEuwuV5M<\/a><\/p>\n<p>&mdash; Jairo Libreros (@JairoLibreros) <a href=\"https:\/\/twitter.com\/JairoLibreros\/status\/1552410887687999494?ref_src=twsrc%5Etfw\">July 27, 2022<\/a><\/p><\/blockquote>\n<p><script async src=\"https:\/\/platform.twitter.com\/widgets.js\" charset=\"utf-8\"><\/script><\/p>\n<p class=\"p1\"><span style=\"font-size: 14pt;\">Durante los \u00faltimos d\u00edas en el pa\u00eds<b>\u00a0se han registrado m\u00faltiples asesinatos de polic\u00edas en varios lugares del territorio nacional como parte del denominado \u201cplan pistola\u201d del grupo armado ilegal Clan del Golfo.\u00a0<\/b>Desde la Polic\u00eda Nacional han expresado sus preocupaciones por la situaci\u00f3n y anunciaron medidas para contrarrestarlo.<\/span><\/p>\n<p class=\"p1\"><span style=\"font-size: 14pt;\">Esta arremetida terrorista contra miembros de la fuerza p\u00fablica\u00a0<b>puede ser explicada desde tres diferentes puntos de vista,\u00a0<\/b>ya que tiene efectos en el mundo pol\u00edtico del pa\u00eds, as\u00ed como en las estructuras de la ilegalidad al interior del Clan del Golfo.<\/span><\/p>\n<p class=\"p1\"><span style=\"font-size: 14pt;\"><b>El analista pol\u00edtico de Noticias RCN, Jairo Libreros<\/b>, indic\u00f3 que las tres explicaciones de la actual situaci\u00f3n radican en un proceso de venganza contra la Polic\u00eda,<b>\u00a0el control de las rentas ilegales, y la necesidad de enviar un mensaje al presidente electo, Gustavo Petro sobre su capacidad armada y militar.<\/b><\/span><\/p>\n<p class=\"p1\"><span style=\"font-size: 14pt;\">\u201cHay un trabajo muy serio de la Polic\u00eda para obtener inteligencia la cual les ha permitido entender el orden de batalla, las actividades il\u00edcitas y la toma de decisiones del Clan del Golfo. Esto facilita la captura de personajes<b>. Hay una preocupaci\u00f3n al interior del grupo ilegal por los boquetes que quedan en territorios que son dominados por ellos\u201d,<\/b>\u00a0indica Libreros.<\/span><\/p>\n<p class=\"p1\"><span style=\"font-size: 14pt;\">Sumado a esto, se\u00f1al\u00f3 que el<b>\u00a0\u201cplan pistola es una venganza por captura de Otoniel y otros l\u00edderes y bajas. La fuerza publica ha intervenido, pero el plan es en contra de la Polic\u00eda, amedrentarlos y vengarse.\u00a0<\/b>Convertir eso en una tortura en ciertos territorios del pa\u00eds donde operan para que no puedan hacer su trabajo\u201d.<\/span><\/p>\n<p class=\"p5\"><span style=\"font-size: 14pt;\"><b>Control de la ilegalidad<\/b><\/span><\/p>\n<p class=\"p1\"><span style=\"font-size: 14pt;\">Otro factor que entra en juego para entender la dif\u00edcil situaci\u00f3n de orden p\u00fablico que se vive en varias regiones del pa\u00eds es que\u00a0<b>los grupos armados buscan el control de las rentas ilegales.<\/b>\u00a0Libreros se\u00f1ala que esto pasa por un tema de protecci\u00f3n de cultivos il\u00edcitos, laboratorios de droga y rutas de narcotr\u00e1fico.<\/span><\/p>\n<p class=\"p1\"><span style=\"font-size: 14pt;\">\u201dEs un complejo de actividades criminales amplio.<b>\u00a0Unas propias del mundo delictivo, pero tambi\u00e9n de negocios legales que los gaitanistas (Clan del Golfo) han logrado montar con \u00e9xito.\u00a0<\/b>Hay unas redes de solidaridad que generan empleo y esto construye importante tejido social. El Control de rentas ilegales siempre ha estado amenazado por las autoridades. La actividades legales vienen de dineros ilegales. Desarticular esto significa que Clan del Golfo pierde capacidades en estas regiones\u201d, sostiene.<\/span><\/p>\n<p class=\"p5\"><span style=\"font-size: 14pt;\"><b>\u00bfPresi\u00f3n para Gustavo Petro?<\/b><\/span><\/p>\n<p class=\"p1\"><span style=\"font-size: 14pt;\"><b>Con la llegada de Gustavo Petro a la Presidencia<\/b>, sectores del Pacto Hist\u00f3rico han indicado que buscar\u00e1n establecer di\u00e1logos con algunos de los grupos armados al margen de la ley. Sin embargo, otra explicaci\u00f3n de la actual situaci\u00f3n con el Clan del Golfo en el pa\u00eds, seg\u00fan indica Libreros,\u00a0<b>es que tienen una necesidad de enviarle un mensaje al presidente electo sobre su capacidad armada y militar.\u00a0<\/b><\/span><\/p>\n<p class=\"p1\"><span style=\"font-size: 14pt;\">\u201cLa capacidad militar no deja dudas, y eso se lo hicieron saber al gobierno de Iv\u00e1n Duque, y har\u00e1n lo mismo con el presidente Petro.\u00a0<b>Hay tres cabezas del Clan del Golfo: alias Chiquito Malo, Siopas y Gonzalito. Por m\u00e1s de que tengan diferencias entre ellos, tienen una capacidad armada fuerte.\u00a0<\/b>Comando y control se llama eso\u201d, remarca.<\/span><\/p>\n<p class=\"p1\"><span style=\"font-size: 14pt;\">A\u00f1adido a esto, informa que hay algunos sectores de la ilegalidad que creen que el mensaje debe ser m\u00e1s contundente.<b>\u00a0Hacer un \u201cplan pistola\u201d m\u00e1s fuerte y que pueda afectar las decisiones que vaya a tomar el nuevo gobierno de avanzar m\u00e1s r\u00e1pido las negociaciones.\u00a0<\/b>Buscan mayor celeridad en la definici\u00f3n de ley de sometimiento\u201d.<\/span><\/p>\n<p class=\"p1\"><span style=\"font-size: 14pt;\">\u201cQuieren mostrarse tan fuertes y matar a tantos polic\u00edas porque creen que ganar\u00e1n posici\u00f3n en una eventual negociaci\u00f3n. Los actores del terrorismo siempre han tenido esa idea en la cabeza, pero son impresentables y no se justifican. Las autoridades y sociedad civil saben que ese mecanismo es contrario a la vida y norma jur\u00eddica\u201d, finaliz\u00f3 <strong>Libreros<\/strong>.<\/span><\/p>\n<p><span style=\"font-size: 14pt;\"><strong>El link de Noticias RCN con mi an\u00e1lisis es el siguiente<\/strong> \u2935\ufe0f<\/span><\/p>\n<p><span style=\"text-decoration: underline; font-size: 14pt;\"><a href=\"https:\/\/www.noticiasrcn.com\/colombia\/presion-del-clan-del-golfo-para-negociar-con-petro-425115\">https:\/\/www.noticiasrcn.com\/colombia\/presion-del-clan-del-golfo-para-negociar-con-petro-425115<\/a><\/span><\/p>\n","protected":false},"excerpt":{"rendered":"<p>\u00bfEl Clan del Golfo est\u00e1 presionando para negociar con el gobierno Petro? Jairo Libreros, analista permanente de Noticias RCN: &#8220;Tres factores fundamentales estar\u00edan <\/p>\n","protected":false},"author":1,"featured_media":285,"comment_status":"open","ping_status":"open","sticky":false,"template":"","format":"standard","meta":{"om_disable_all_campaigns":false,"_monsterinsights_skip_tracking":false,"_monsterinsights_sitenote_active":false,"_monsterinsights_sitenote_note":"","_monsterinsights_sitenote_category":0,"footnotes":""},"categories":[1],"tags":[90,97,39],"aioseo_notices":[],"class_list":["post-988","post","type-post","status-publish","format-standard","has-post-thumbnail","hentry","category-jairo-libreros","tag-seguridad-y-defensa-nacional","tag-inteligencia-estrategica","tag-seguridad-ciudadana"],"_links":{"self":[{"href":"https:\/\/jairolibreros.com\/index.php?rest_route=\/wp\/v2\/posts\/988"}],"collection":[{"href":"https:\/\/jairolibreros.com\/index.php?rest_route=\/wp\/v2\/posts"}],"about":[{"href":"https:\/\/jairolibreros.com\/index.php?rest_route=\/wp\/v2\/types\/post"}],"author":[{"embeddable":true,"href":"https:\/\/jairolibreros.com\/index.php?rest_route=\/wp\/v2\/users\/1"}],"replies":[{"embeddable":true,"href":"https:\/\/jairolibreros.com\/index.php?rest_route=%2Fwp%2Fv2%2Fcomments&post=988"}],"version-history":[{"count":3,"href":"https:\/\/jairolibreros.com\/index.php?rest_route=\/wp\/v2\/posts\/988\/revisions"}],"predecessor-version":[{"id":2116,"href":"https:\/\/jairolibreros.com\/index.php?rest_route=\/wp\/v2\/posts\/988\/revisions\/2116"}],"wp:featuredmedia":[{"embeddable":true,"href":"https:\/\/jairolibreros.com\/index.php?rest_route=\/wp\/v2\/media\/285"}],"wp:attachment":[{"href":"https:\/\/jairolibreros.com\/index.php?rest_route=%2Fwp%2Fv2%2Fmedia&parent=988"}],"wp:term":[{"taxonomy":"category","embeddable":true,"href":"https:\/\/jairolibreros.com\/index.php?rest_route=%2Fwp%2Fv2%2Fcategories&post=988"},{"taxonomy":"post_tag","embeddable":true,"href":"https:\/\/jairolibreros.com\/index.php?rest_route=%2Fwp%2Fv2%2Ftags&post=988"}],"curies":[{"name":"wp","href":"https:\/\/api.w.org\/{rel}","templated":true}]}}