{"id":994,"date":"2022-08-03T13:42:31","date_gmt":"2022-08-03T13:42:31","guid":{"rendered":"https:\/\/jairolibreros.com\/?p=994"},"modified":"2025-09-04T21:55:25","modified_gmt":"2025-09-04T21:55:25","slug":"politica-latinoamericana-2","status":"publish","type":"post","link":"https:\/\/jairolibreros.com\/?p=994","title":{"rendered":"Pol\u00edtica Latinoamericana"},"content":{"rendered":"<p><span style=\"font-size: 14pt; font-family: tahoma, arial, helvetica, sans-serif;\"><strong>Pol\u00edtica Latinoamericana<\/strong><\/span><\/p>\n<p><span style=\"text-decoration: underline; font-family: tahoma, arial, helvetica, sans-serif; font-size: 14pt;\"><strong><a href=\"https:\/\/jairolibreros.com\/?page_id=3689\">Jairo Libreros<\/a><\/strong><\/span><\/p>\n<p><span style=\"font-size: 14pt; font-family: tahoma, arial, helvetica, sans-serif;\">La asignatura en\u00a0<strong>Pol\u00edtica Latinoamericana<\/strong>\u00a0de la Escuela de Relaciones Internacionales tiene como objeto estudiar la estabilidad pol\u00edtica de la democracia interamericana, as\u00ed como analizar las incertidumbres, riesgos y oportunidades pol\u00edticas en Am\u00e9rica Latina.<\/span><\/p>\n<p><span style=\"font-size: 14pt; font-family: tahoma, arial, helvetica, sans-serif;\"><strong>Resultados de aprendizaje<\/strong><\/span><\/p>\n<p><span style=\"font-size: 14pt; font-family: tahoma, arial, helvetica, sans-serif;\">El estudiante conoce los modelos hist\u00f3ricos de la evoluci\u00f3n de la democracia en Am\u00e9rica Latina y est\u00e1 en capacidad de determinar los niveles de incertidumbre y riesgo pol\u00edtico regional.<\/span><\/p>\n<p><span style=\"font-size: 14pt; font-family: tahoma, arial, helvetica, sans-serif;\">El estudiante comprende la realidad interamericana desde una perspectiva democr\u00e1tica y est\u00e1 en capacidad de determinar las oportunidades pol\u00edticas del entorno regional en Am\u00e9rica Latina.<\/span><\/p>\n<p><span style=\"font-size: 14pt; font-family: tahoma, arial, helvetica, sans-serif;\">El estudiante se comunica de forma clara y entrega contenidos anal\u00edticos relacionados con la coyuntura regional en Am\u00e9rica Latina.<\/span><\/p>\n<table>\n<tbody>\n<tr>\n<td width=\"149\"><span style=\"font-size: 14pt; font-family: tahoma, arial, helvetica, sans-serif;\"><strong>Competencia<\/strong><\/span><\/td>\n<td width=\"409\"><span style=\"font-size: 14pt; font-family: tahoma, arial, helvetica, sans-serif;\"><strong>Habilidad<\/strong><\/span><\/td>\n<\/tr>\n<tr>\n<td width=\"149\"><span style=\"font-size: 14pt; font-family: tahoma, arial, helvetica, sans-serif;\"><strong>Investigativa<\/strong><\/span><\/td>\n<td width=\"409\"><span style=\"font-size: 14pt; font-family: tahoma, arial, helvetica, sans-serif;\">El estudiante utiliza fuentes primarias y secundarias para la construcci\u00f3n de informes de an\u00e1lisis pol\u00edtico regional en Am\u00e9rica Latina.<\/span><\/td>\n<\/tr>\n<tr>\n<td width=\"149\"><span style=\"font-size: 14pt; font-family: tahoma, arial, helvetica, sans-serif;\"><strong>Cognitiva<\/strong><\/span><\/td>\n<td width=\"409\"><span style=\"font-size: 14pt; font-family: tahoma, arial, helvetica, sans-serif;\">El estudiante utiliza conceptos pol\u00edticos, internacionales y de pol\u00edtica p\u00fablica sobre la democracia interamericana.<\/span><\/td>\n<\/tr>\n<tr>\n<td width=\"149\"><span style=\"font-size: 14pt; font-family: tahoma, arial, helvetica, sans-serif;\"><strong>Valorativa <\/strong><\/span><\/td>\n<td width=\"409\"><span style=\"font-size: 14pt; font-family: tahoma, arial, helvetica, sans-serif;\">El estudiante entiende c\u00f3mo ha evolucionado la agenda pol\u00edtica interamericana y entiende c\u00f3mo se generaron los cambios democr\u00e1ticos.<\/span><\/td>\n<\/tr>\n<tr>\n<td width=\"149\"><span style=\"font-size: 14pt; font-family: tahoma, arial, helvetica, sans-serif;\"><strong>Comunicativa<\/strong><\/span><\/td>\n<td width=\"409\"><span style=\"font-size: 14pt; font-family: tahoma, arial, helvetica, sans-serif;\">El estudiante utiliza diferentes herramientas de comunicaci\u00f3n para expresar sus ideas de forma ordenada y precisa.<\/span><\/td>\n<\/tr>\n<\/tbody>\n<\/table>\n<p><span style=\"font-size: 14pt; font-family: tahoma, arial, helvetica, sans-serif;\"><strong>Metodolog\u00eda<\/strong><\/span><\/p>\n<p class=\"p1\"><span style=\"font-size: 14pt; font-family: tahoma, arial, helvetica, sans-serif;\">C\u00e1tedra \u00a0magistral con \u00a0participaci\u00f3n \u00a0activa \u00a0de los \u00a0alumnos y trabajo compartido en clase.<\/span><\/p>\n<p><span style=\"font-size: 14pt; font-family: tahoma, arial, helvetica, sans-serif;\"><strong>Referencias<\/strong><\/span><\/p>\n<p><span style=\"font-size: 14pt; font-family: tahoma, arial, helvetica, sans-serif;\"><a href=\"https:\/\/jairolibreros.com\/wp-content\/uploads\/2022\/08\/Hay-futuro-si-hay-verdad.-Hallazgos-y-recomendaciones.-Comisio\u0301n-de-la-Verdad-2022.pdf\"><span style=\"text-decoration: underline;\">Hay futuro si hay verdad. Hallazgos y recomendaciones. Comisio\u0301n de la Verdad 2022<\/span><\/a><\/span><\/p>\n<p><span style=\"font-size: 14pt; font-family: tahoma, arial, helvetica, sans-serif;\"><a href=\"https:\/\/jairolibreros.com\/wp-content\/uploads\/2021\/07\/Carta-Democra\u0301tica-Interamericana.pdf\"><span style=\"text-decoration: underline;\">Carta Democra\u0301tica Interamericana<\/span><\/a><\/span><\/p>\n<p><span style=\"font-size: 14pt; font-family: tahoma, arial, helvetica, sans-serif;\"><a href=\"https:\/\/jairolibreros.com\/wp-content\/uploads\/2021\/07\/Latinobaro\u0301metro-Adio\u0301s-a-Macondo-Informe-2021.pdf\"><span style=\"text-decoration: underline;\">Latinobaro\u0301metro, Adio\u0301s a Macondo, Informe 2021<\/span><\/a><\/span><\/p>\n<p><span style=\"font-size: 14pt; font-family: tahoma, arial, helvetica, sans-serif;\"><a href=\"https:\/\/jairolibreros.com\/wp-content\/uploads\/2021\/07\/I\u0301ndice-de-riesgo-poli\u0301tico-Universidad-Cato\u0301lica-de-Chile.pdf\"><span style=\"text-decoration: underline;\">I\u0301ndice de riesgo poli\u0301tico, Universidad Cato\u0301lica de Chile<\/span><\/a><\/span><\/p>\n<p style=\"text-align: right;\"><span style=\"text-decoration: underline; font-family: tahoma, arial, helvetica, sans-serif; font-size: 14pt;\"><strong><a href=\"https:\/\/jairolibreros.com\/\">Blog de Jairo Libreros<\/a><\/strong><\/span><\/p>\n","protected":false},"excerpt":{"rendered":"<p>Pol\u00edtica Latinoamericana Jairo Libreros La asignatura en\u00a0Pol\u00edtica Latinoamericana\u00a0de la Escuela de Relaciones Internacionales tiene como objeto estudiar la estabilidad pol\u00edtica de la democracia <\/p>\n","protected":false},"author":1,"featured_media":425,"comment_status":"open","ping_status":"open","sticky":false,"template":"","format":"standard","meta":{"om_disable_all_campaigns":false,"_monsterinsights_skip_tracking":false,"_monsterinsights_sitenote_active":false,"_monsterinsights_sitenote_note":"","_monsterinsights_sitenote_category":0,"footnotes":""},"categories":[1,96],"tags":[44,54,37,64],"aioseo_notices":[],"class_list":["post-994","post","type-post","status-publish","format-standard","has-post-thumbnail","hentry","category-jairo-libreros","category-universidad-externado","tag-elecciones","tag-comunicacion-politica","tag-movilizacion-social","tag-politica-internacional"],"_links":{"self":[{"href":"https:\/\/jairolibreros.com\/index.php?rest_route=\/wp\/v2\/posts\/994"}],"collection":[{"href":"https:\/\/jairolibreros.com\/index.php?rest_route=\/wp\/v2\/posts"}],"about":[{"href":"https:\/\/jairolibreros.com\/index.php?rest_route=\/wp\/v2\/types\/post"}],"author":[{"embeddable":true,"href":"https:\/\/jairolibreros.com\/index.php?rest_route=\/wp\/v2\/users\/1"}],"replies":[{"embeddable":true,"href":"https:\/\/jairolibreros.com\/index.php?rest_route=%2Fwp%2Fv2%2Fcomments&post=994"}],"version-history":[{"count":8,"href":"https:\/\/jairolibreros.com\/index.php?rest_route=\/wp\/v2\/posts\/994\/revisions"}],"predecessor-version":[{"id":3790,"href":"https:\/\/jairolibreros.com\/index.php?rest_route=\/wp\/v2\/posts\/994\/revisions\/3790"}],"wp:featuredmedia":[{"embeddable":true,"href":"https:\/\/jairolibreros.com\/index.php?rest_route=\/wp\/v2\/media\/425"}],"wp:attachment":[{"href":"https:\/\/jairolibreros.com\/index.php?rest_route=%2Fwp%2Fv2%2Fmedia&parent=994"}],"wp:term":[{"taxonomy":"category","embeddable":true,"href":"https:\/\/jairolibreros.com\/index.php?rest_route=%2Fwp%2Fv2%2Fcategories&post=994"},{"taxonomy":"post_tag","embeddable":true,"href":"https:\/\/jairolibreros.com\/index.php?rest_route=%2Fwp%2Fv2%2Ftags&post=994"}],"curies":[{"name":"wp","href":"https:\/\/api.w.org\/{rel}","templated":true}]}}